{"id":6440,"date":"2023-10-06T15:48:39","date_gmt":"2023-10-06T13:48:39","guid":{"rendered":"https:\/\/www.agrosemens.com\/blog\/?p=6440"},"modified":"2023-12-06T09:02:43","modified_gmt":"2023-12-06T08:02:43","slug":"3eme-journee-portes-ouvertes","status":"publish","type":"post","link":"https:\/\/www.agrosemens.com\/blog\/3eme-journee-portes-ouvertes\/","title":{"rendered":"3\u00e8me Journ\u00e9e Portes Ouvertes"},"content":{"rendered":"\n<p>Bienvenue \u00e0 la ferme semenci\u00e8re et exp\u00e9rimentale 100% BIO du Petit Sambuc au nord d\u2019Aix en Provence pour la <strong>3<sup>\u00e8me<\/sup> \u00e9dition de notre Journ\u00e9e Portes Ouvertes\u202f!&nbsp;<\/strong><\/p>\n\n\n\n<p>Une belle journ\u00e9e pour raconter notre histoire, partager notre passion et nos valeurs, mais aussi mettre en avant l\u2019implication et le savoir-faire de nos \u00e9quipes.<\/p>\n\n\n<div class=\"wp-block-image\">\n<figure class=\"aligncenter size-full\"><img loading=\"lazy\" width=\"680\" height=\"448\" src=\"https:\/\/www.agrosemens.com\/blog\/wp-content\/uploads\/2023\/10\/groupe-2.jpg\" alt=\"Portes ouvertes - AGROSEMENS\" class=\"wp-image-6441\" srcset=\"https:\/\/www.agrosemens.com\/blog\/wp-content\/uploads\/2023\/10\/groupe-2.jpg 680w, https:\/\/www.agrosemens.com\/blog\/wp-content\/uploads\/2023\/10\/groupe-2-300x198.jpg 300w\" sizes=\"(max-width: 680px) 100vw, 680px\" \/><\/figure><\/div>\n\n<div class=\"wp-block-image\">\n<figure class=\"aligncenter size-full\"><img loading=\"lazy\" width=\"680\" height=\"454\" src=\"https:\/\/www.agrosemens.com\/blog\/wp-content\/uploads\/2023\/10\/groupe-3.jpg\" alt=\"Portes ouvertes - visiteurs\" class=\"wp-image-6442\" srcset=\"https:\/\/www.agrosemens.com\/blog\/wp-content\/uploads\/2023\/10\/groupe-3.jpg 680w, https:\/\/www.agrosemens.com\/blog\/wp-content\/uploads\/2023\/10\/groupe-3-300x200.jpg 300w\" sizes=\"(max-width: 680px) 100vw, 680px\" \/><\/figure><\/div>\n\n\n<p>Merci \u00e0 vous : mara\u00eechers, producteurs, techniciens, distributeurs, \u00e9l\u00e8ves, amoureux de la Terre et du Vivant pour votre pr\u00e9sence, vos sourires, vos questions \u2026&nbsp;<\/p>\n\n\n<div class=\"wp-block-image\">\n<figure class=\"aligncenter size-full\"><img loading=\"lazy\" width=\"680\" height=\"454\" src=\"https:\/\/www.agrosemens.com\/blog\/wp-content\/uploads\/2023\/10\/groupe-8.jpg\" alt=\"Portes ouvertes - visiteurs\" class=\"wp-image-6443\" srcset=\"https:\/\/www.agrosemens.com\/blog\/wp-content\/uploads\/2023\/10\/groupe-8.jpg 680w, https:\/\/www.agrosemens.com\/blog\/wp-content\/uploads\/2023\/10\/groupe-8-300x200.jpg 300w\" sizes=\"(max-width: 680px) 100vw, 680px\" \/><\/figure><\/div>\n\n\n<h2><strong>L\u2019arriv\u00e9e des visiteurs<\/strong>&nbsp;<\/h2>\n\n\n<div class=\"wp-block-image\">\n<figure class=\"aligncenter size-full\"><img loading=\"lazy\" width=\"680\" height=\"454\" src=\"https:\/\/www.agrosemens.com\/blog\/wp-content\/uploads\/2023\/10\/Accueil-5.jpg\" alt=\"Portes ouvertes - arriv\u00e9e\" class=\"wp-image-6444\" srcset=\"https:\/\/www.agrosemens.com\/blog\/wp-content\/uploads\/2023\/10\/Accueil-5.jpg 680w, https:\/\/www.agrosemens.com\/blog\/wp-content\/uploads\/2023\/10\/Accueil-5-300x200.jpg 300w\" sizes=\"(max-width: 680px) 100vw, 680px\" \/><\/figure><\/div>\n\n\n<p>Danielle, Cynthia, Odile et Rapha\u00eblle ont accueilli les visiteurs \u00e0 l\u2019entr\u00e9e de la ferme. C\u2019est chapeau sur la t\u00eate et sac sur l\u2019\u00e9paule que la journ\u00e9e commen\u00e7ait\u202f! &nbsp;<\/p>\n\n\n<div class=\"wp-block-image\">\n<figure class=\"aligncenter size-full\"><img loading=\"lazy\" width=\"680\" height=\"454\" src=\"https:\/\/www.agrosemens.com\/blog\/wp-content\/uploads\/2023\/10\/Accueil-4.jpg\" alt=\"Portes ouvertes - arriv\u00e9e\" class=\"wp-image-6445\" srcset=\"https:\/\/www.agrosemens.com\/blog\/wp-content\/uploads\/2023\/10\/Accueil-4.jpg 680w, https:\/\/www.agrosemens.com\/blog\/wp-content\/uploads\/2023\/10\/Accueil-4-300x200.jpg 300w\" sizes=\"(max-width: 680px) 100vw, 680px\" \/><\/figure><\/div>\n\n<div class=\"wp-block-image\">\n<figure class=\"aligncenter size-full\"><img loading=\"lazy\" width=\"680\" height=\"454\" src=\"https:\/\/www.agrosemens.com\/blog\/wp-content\/uploads\/2023\/10\/Accueil-6.jpg\" alt=\"Portes ouvertes - AGROSEMENS\" class=\"wp-image-6446\" srcset=\"https:\/\/www.agrosemens.com\/blog\/wp-content\/uploads\/2023\/10\/Accueil-6.jpg 680w, https:\/\/www.agrosemens.com\/blog\/wp-content\/uploads\/2023\/10\/Accueil-6-300x200.jpg 300w\" sizes=\"(max-width: 680px) 100vw, 680px\" \/><\/figure><\/div>\n\n\n<p>Alexandre et Jonas attendaient nos invit\u00e9s sous la tente avec des boissons chaudes et des viennoiseries.&nbsp;<\/p>\n\n\n<div class=\"wp-block-image\">\n<figure class=\"aligncenter size-full\"><img loading=\"lazy\" width=\"680\" height=\"295\" src=\"https:\/\/www.agrosemens.com\/blog\/wp-content\/uploads\/2023\/10\/cafe-1.jpg\" alt=\"Portes ouvertes - AGROSEMENS\" class=\"wp-image-6447\" srcset=\"https:\/\/www.agrosemens.com\/blog\/wp-content\/uploads\/2023\/10\/cafe-1.jpg 680w, https:\/\/www.agrosemens.com\/blog\/wp-content\/uploads\/2023\/10\/cafe-1-300x130.jpg 300w\" sizes=\"(max-width: 680px) 100vw, 680px\" \/><\/figure><\/div>\n\n\n<h2><strong>Inauguration de la Journ\u00e9e portes ouvertes<\/strong>&nbsp;<\/h2>\n\n\n\n<p>L\u2019occasion pour Cyriaque Crosnier Mangeat, co-fondateur et pr\u00e9sident d\u2019AGROSEMENS d\u2019\u00e9voquer les valeurs de notre maison semenci\u00e8re, nos missions et nos engagements qui se nourrissent dans l\u2019humus fertile que sont l\u2019Amour et le Respect pour le Vivant !\u00a0<\/p>\n\n\n<div class=\"wp-block-image\">\n<figure class=\"aligncenter size-full\"><img loading=\"lazy\" width=\"680\" height=\"295\" src=\"https:\/\/www.agrosemens.com\/blog\/wp-content\/uploads\/2023\/10\/discours-1.jpg\" alt=\"Portes ouvertes - AGROSEMENS - inauguration\" class=\"wp-image-6448\" srcset=\"https:\/\/www.agrosemens.com\/blog\/wp-content\/uploads\/2023\/10\/discours-1.jpg 680w, https:\/\/www.agrosemens.com\/blog\/wp-content\/uploads\/2023\/10\/discours-1-300x130.jpg 300w\" sizes=\"(max-width: 680px) 100vw, 680px\" \/><\/figure><\/div>\n\n<div class=\"wp-block-image\">\n<figure class=\"aligncenter size-full\"><img loading=\"lazy\" width=\"680\" height=\"454\" src=\"https:\/\/www.agrosemens.com\/blog\/wp-content\/uploads\/2023\/10\/discours-3.jpg\" alt=\"Portes ouvertes - AGROSEMENS - inauguration\" class=\"wp-image-6449\" srcset=\"https:\/\/www.agrosemens.com\/blog\/wp-content\/uploads\/2023\/10\/discours-3.jpg 680w, https:\/\/www.agrosemens.com\/blog\/wp-content\/uploads\/2023\/10\/discours-3-300x200.jpg 300w\" sizes=\"(max-width: 680px) 100vw, 680px\" \/><\/figure><\/div>\n\n\n<p>Cyriaque et Judica\u00ebl ont d\u00e9voil\u00e9 un projet qui nous tient tous \u00e0 c\u0153ur,\u202f<strong>notre livre \u00ab\u202fVoyage en terres de semences\u202f\u00bb. \u202f&nbsp;<\/strong><br>A travers cet ouvrage, con\u00e7u et illustr\u00e9 par Matthieu Chanel et r\u00e9dig\u00e9 en collaboration avec Florence Loncq, <strong>AGROSEMENS vous invite \u00e0 partir en voyage dans les sillons fertiles de la France<\/strong> afin de d\u00e9couvrir son action pour la semence paysanne.\u202f&nbsp;<br><strong>Partez \u00e0 la rencontre de cette grande diversit\u00e9 de paysans et de leur savoir-faire semencier.<\/strong>\u202f&nbsp;<br>D\u00e9couvrez le sens qui am\u00e8ne ces paysans-semenciers \u00e0 \u00eatre en communion avec la nature, amoureux de leur terroir, de leurs traditions et fiers d\u2019\u0153uvrer \u00e0 la protection de notre Terre nourrici\u00e8re.\u202f&nbsp;<br>Comprenez comment la maison semenci\u00e8re AGROSEMENS accompagne ces fermes agro\u00e9cologiques qui produisent de la semence fran\u00e7aise certifi\u00e9e 100% biologique dans un esprit de conservation de la biodiversit\u00e9 et de partage du Vivant.\u202f&nbsp;<\/p>\n\n\n\n<p>A d\u00e9couvrir sur notre boutique en ligne <a href=\"https:\/\/www.agrosemens.com\/librairie\/2876-voyage-en-terres-de-semences.html\" target=\"_blank\" rel=\"noreferrer noopener\">www.agrosemens.com<\/a><\/p>\n\n\n<div class=\"wp-block-image\">\n<figure class=\"aligncenter size-full\"><img loading=\"lazy\" width=\"680\" height=\"454\" src=\"https:\/\/www.agrosemens.com\/blog\/wp-content\/uploads\/2023\/10\/groupe-9.jpg\" alt=\"Portes ouvertes - AGROSEMENS - invit\u00e9s\" class=\"wp-image-6450\" srcset=\"https:\/\/www.agrosemens.com\/blog\/wp-content\/uploads\/2023\/10\/groupe-9.jpg 680w, https:\/\/www.agrosemens.com\/blog\/wp-content\/uploads\/2023\/10\/groupe-9-300x200.jpg 300w\" sizes=\"(max-width: 680px) 100vw, 680px\" \/><figcaption>Jean-Martin Fortier, Cyriaque Crosnier Mangeat, Matthieu Chanel, Pierre Koffi Alanda &#8211; Pr\u00e9sident Bio de Provence, couple de visiteurs.<\/figcaption><\/figure><\/div>\n\n\n<h2><strong>Visite de la ferme semenci\u00e8re et exp\u00e9rimentale 100% Bio du Petit Sambuc<\/strong><\/h2>\n\n\n\n<p>Au cours de cette journ\u00e9e portes ouvertes, les invit\u00e9s ont visit\u00e9 notre ferme et d\u00e9couvert la plateforme vari\u00e9tale et les productions en compagnie de nos agronomes Yvonne, Marion, Marine, Lydie, Ars\u00e8ne.<\/p>\n\n\n\n<p><strong>Notre ferme est un \u00ab organisme agricole \u00bb ambitieux&nbsp;<\/strong>&nbsp;<\/p>\n\n\n\n<ul><li>de s\u00e9lections participatives,&nbsp;&nbsp;<\/li><li>de maintenance de vari\u00e9t\u00e9s anciennes, de contr\u00f4le vari\u00e9tal,&nbsp;&nbsp;<\/li><li>d\u2019\u00e9levage de semences paysannes reproductibles de qualit\u00e9 professionnelle,&nbsp;<\/li><li>d\u2019essais agronomiques en collaboration avec d\u2019autres structures telle que l\u2019association Mara\u00eechage Sol Vivant (MSV).&nbsp;<\/li><\/ul>\n\n\n\n<p><strong>Ecolieu unique en France triplement certifi\u00e9 en Bio, Bio Coh\u00e9rence et Demeter<\/strong>, notre ferme r\u00e9unit toutes les pratiques agro-\u00e9cologiques : planches permanentes, mandala permaculturel, verger agro-forestier, non-labour, engrais verts, zone de compostages, r\u00e9implantations de haies, etc.&nbsp;<\/p>\n\n\n\n<p><strong>Les marques Bio Coh\u00e9rence et Demeter sont celles d\u2019une \u00ab bio + \u00bb qui traduit la grande coh\u00e9rence de notre maison semenci\u00e8re.&nbsp;<\/strong><\/p>\n\n\n<div class=\"wp-block-image\">\n<figure class=\"aligncenter size-full\"><img loading=\"lazy\" width=\"680\" height=\"454\" src=\"https:\/\/www.agrosemens.com\/blog\/wp-content\/uploads\/2023\/10\/ferme-11.jpg\" alt=\"Portes ouvertes - ferme semenci\u00e8re\" class=\"wp-image-6451\" srcset=\"https:\/\/www.agrosemens.com\/blog\/wp-content\/uploads\/2023\/10\/ferme-11.jpg 680w, https:\/\/www.agrosemens.com\/blog\/wp-content\/uploads\/2023\/10\/ferme-11-300x200.jpg 300w\" sizes=\"(max-width: 680px) 100vw, 680px\" \/><\/figure><\/div>\n\n<div class=\"wp-block-image\">\n<figure class=\"aligncenter size-full\"><img loading=\"lazy\" width=\"680\" height=\"391\" src=\"https:\/\/www.agrosemens.com\/blog\/wp-content\/uploads\/2023\/10\/ferme-4.jpg\" alt=\"Portes ouvertes - ferme semenci\u00e8re\" class=\"wp-image-6453\" srcset=\"https:\/\/www.agrosemens.com\/blog\/wp-content\/uploads\/2023\/10\/ferme-4.jpg 680w, https:\/\/www.agrosemens.com\/blog\/wp-content\/uploads\/2023\/10\/ferme-4-300x173.jpg 300w\" sizes=\"(max-width: 680px) 100vw, 680px\" \/><figcaption>Le mandala&nbsp;<\/figcaption><\/figure><\/div>\n\n<div class=\"wp-block-image\">\n<figure class=\"aligncenter size-full\"><img loading=\"lazy\" width=\"680\" height=\"454\" src=\"https:\/\/www.agrosemens.com\/blog\/wp-content\/uploads\/2023\/10\/ferme-6.jpg\" alt=\"Portes ouvertes - ferme semenci\u00e8re\" class=\"wp-image-6454\" srcset=\"https:\/\/www.agrosemens.com\/blog\/wp-content\/uploads\/2023\/10\/ferme-6.jpg 680w, https:\/\/www.agrosemens.com\/blog\/wp-content\/uploads\/2023\/10\/ferme-6-300x200.jpg 300w\" sizes=\"(max-width: 680px) 100vw, 680px\" \/><figcaption>La collection de poivron et de piment<\/figcaption><\/figure><\/div>\n\n<div class=\"wp-block-image\">\n<figure class=\"aligncenter size-full\"><img loading=\"lazy\" width=\"680\" height=\"358\" src=\"https:\/\/www.agrosemens.com\/blog\/wp-content\/uploads\/2023\/10\/ferme-9.jpg\" alt=\"Portes ouvertes - ferme semenci\u00e8re\" class=\"wp-image-6455\" srcset=\"https:\/\/www.agrosemens.com\/blog\/wp-content\/uploads\/2023\/10\/ferme-9.jpg 680w, https:\/\/www.agrosemens.com\/blog\/wp-content\/uploads\/2023\/10\/ferme-9-300x158.jpg 300w\" sizes=\"(max-width: 680px) 100vw, 680px\" \/><figcaption>La collection de courgette et de basilic&nbsp;<\/figcaption><\/figure><\/div>\n\n<div class=\"wp-block-image\">\n<figure class=\"aligncenter size-full\"><img loading=\"lazy\" width=\"680\" height=\"454\" src=\"https:\/\/www.agrosemens.com\/blog\/wp-content\/uploads\/2023\/10\/ferme-33.jpg\" alt=\"Portes ouvertes - ferme semenci\u00e8re\" class=\"wp-image-6456\" srcset=\"https:\/\/www.agrosemens.com\/blog\/wp-content\/uploads\/2023\/10\/ferme-33.jpg 680w, https:\/\/www.agrosemens.com\/blog\/wp-content\/uploads\/2023\/10\/ferme-33-300x200.jpg 300w\" sizes=\"(max-width: 680px) 100vw, 680px\" \/><figcaption>La collection de tomate<\/figcaption><\/figure><\/div>\n\n\n<h2><strong>Atelier avec Jean-Martin Fortier<\/strong><\/h2>\n\n\n\n<p>Un invit\u00e9 d\u2019exception pour une journ\u00e9e d\u2019exception\u202f!&nbsp;<\/p>\n\n\n\n<p>Nous avons eu l\u2019honneur et la joie d\u2019accueillir Jean-Martin Fortier au sein de notre ferme semenci\u00e8re.&nbsp;<\/p>\n\n\n\n<p>\u00ab<strong>\u202fCe dont nous avons besoin, ce sont des aliments sains, cultiv\u00e9s avec soin<\/strong>, par et pour des gens qui ont \u00e0 c\u0153ur ces valeurs \u00bb.&nbsp; J-M FORTIER&nbsp;<\/p>\n\n\n\n<p>Fondateur de l\u2019Institut jardinier-mara\u00eecher, il s\u2019est donn\u00e9 pour mission de multiplier le nombre de petites fermes r\u00e9g\u00e9n\u00e9ratrices dans le monde et d\u2019acc\u00e9l\u00e9rer la transition agricole \u00e9cologique. Son but ultime est d\u2019offrir un avenir d\u2019abondance o\u00f9 les humains vivent en harmonie non seulement avec la nature, mais aussi entre eux.&nbsp;<\/p>\n\n\n<div class=\"wp-block-image\">\n<figure class=\"aligncenter size-full\"><img loading=\"lazy\" width=\"680\" height=\"454\" src=\"https:\/\/www.agrosemens.com\/blog\/wp-content\/uploads\/2023\/10\/Fortier.jpg\" alt=\"Portes ouvertes - Jean-Martin Fortier\" class=\"wp-image-6457\" srcset=\"https:\/\/www.agrosemens.com\/blog\/wp-content\/uploads\/2023\/10\/Fortier.jpg 680w, https:\/\/www.agrosemens.com\/blog\/wp-content\/uploads\/2023\/10\/Fortier-300x200.jpg 300w\" sizes=\"(max-width: 680px) 100vw, 680px\" \/><\/figure><\/div>\n\n<div class=\"wp-block-image\">\n<figure class=\"aligncenter size-full\"><img loading=\"lazy\" width=\"680\" height=\"454\" src=\"https:\/\/www.agrosemens.com\/blog\/wp-content\/uploads\/2023\/10\/Fortier-2.jpg\" alt=\"Portes ouvertes - Jean-Martin Fortier\" class=\"wp-image-6458\" srcset=\"https:\/\/www.agrosemens.com\/blog\/wp-content\/uploads\/2023\/10\/Fortier-2.jpg 680w, https:\/\/www.agrosemens.com\/blog\/wp-content\/uploads\/2023\/10\/Fortier-2-300x200.jpg 300w\" sizes=\"(max-width: 680px) 100vw, 680px\" \/><\/figure><\/div>\n\n\n<p>Merci Jean-Martin d\u2019\u00eatre\u202fvenu sur nos terres proven\u00e7ales pour transmettre \u00e0 tous nos visiteurs, ton exp\u00e9rience et ta m\u00e9thode.&nbsp;<\/p>\n\n\n<div class=\"wp-block-image\">\n<figure class=\"aligncenter size-full\"><img loading=\"lazy\" width=\"680\" height=\"454\" src=\"https:\/\/www.agrosemens.com\/blog\/wp-content\/uploads\/2023\/10\/Fortier-4.jpg\" alt=\"Portes ouvertes - Jean-Martin Fortier\" class=\"wp-image-6459\" srcset=\"https:\/\/www.agrosemens.com\/blog\/wp-content\/uploads\/2023\/10\/Fortier-4.jpg 680w, https:\/\/www.agrosemens.com\/blog\/wp-content\/uploads\/2023\/10\/Fortier-4-300x200.jpg 300w\" sizes=\"(max-width: 680px) 100vw, 680px\" \/><\/figure><\/div>\n\n<div class=\"wp-block-image\">\n<figure class=\"aligncenter size-full\"><img loading=\"lazy\" width=\"680\" height=\"378\" src=\"https:\/\/www.agrosemens.com\/blog\/wp-content\/uploads\/2023\/10\/Fortier-5.jpg\" alt=\"Portes ouvertes - Jean-Martin Fortier\" class=\"wp-image-6460\" srcset=\"https:\/\/www.agrosemens.com\/blog\/wp-content\/uploads\/2023\/10\/Fortier-5.jpg 680w, https:\/\/www.agrosemens.com\/blog\/wp-content\/uploads\/2023\/10\/Fortier-5-300x167.jpg 300w\" sizes=\"(max-width: 680px) 100vw, 680px\" \/><\/figure><\/div>\n\n\n<h2><strong>Atelier semence<\/strong>&nbsp;<\/h2>\n\n\n\n<p>C\u2019est dans la convivialit\u00e9 et avec une attention particuli\u00e8re que vous avez suivi nos ateliers et d\u00e9couvert notre savoir-faire.&nbsp;<\/p>\n\n\n<div class=\"wp-block-image\">\n<figure class=\"aligncenter size-full\"><img loading=\"lazy\" width=\"680\" height=\"454\" src=\"https:\/\/www.agrosemens.com\/blog\/wp-content\/uploads\/2023\/10\/atelier-semence.jpg\" alt=\"Portes ouvertes - atelier semences\" class=\"wp-image-6461\" srcset=\"https:\/\/www.agrosemens.com\/blog\/wp-content\/uploads\/2023\/10\/atelier-semence.jpg 680w, https:\/\/www.agrosemens.com\/blog\/wp-content\/uploads\/2023\/10\/atelier-semence-300x200.jpg 300w\" sizes=\"(max-width: 680px) 100vw, 680px\" \/><\/figure><\/div>\n\n<div class=\"wp-block-image\">\n<figure class=\"aligncenter size-full\"><img loading=\"lazy\" width=\"680\" height=\"402\" src=\"https:\/\/www.agrosemens.com\/blog\/wp-content\/uploads\/2023\/10\/atelier-semence-2.jpg\" alt=\"Portes ouvertes - atelier semences\" class=\"wp-image-6462\" srcset=\"https:\/\/www.agrosemens.com\/blog\/wp-content\/uploads\/2023\/10\/atelier-semence-2.jpg 680w, https:\/\/www.agrosemens.com\/blog\/wp-content\/uploads\/2023\/10\/atelier-semence-2-300x177.jpg 300w\" sizes=\"(max-width: 680px) 100vw, 680px\" \/><\/figure><\/div>\n\n\n<h2><strong>Atelier agroforesterie<\/strong>&nbsp;<\/h2>\n\n\n<div class=\"wp-block-image\">\n<figure class=\"aligncenter size-full\"><img loading=\"lazy\" width=\"680\" height=\"400\" src=\"https:\/\/www.agrosemens.com\/blog\/wp-content\/uploads\/2023\/10\/Atelier-7.jpg\" alt=\"Portes ouvertes - atelier agroforesterie\" class=\"wp-image-6463\" srcset=\"https:\/\/www.agrosemens.com\/blog\/wp-content\/uploads\/2023\/10\/Atelier-7.jpg 680w, https:\/\/www.agrosemens.com\/blog\/wp-content\/uploads\/2023\/10\/Atelier-7-300x176.jpg 300w\" sizes=\"(max-width: 680px) 100vw, 680px\" \/><\/figure><\/div>\n\n\n<p>Vous avez \u00e9t\u00e9 tr\u00e8s attentifs et int\u00e9ress\u00e9s lors de notre atelier agroforesterie.&nbsp;&nbsp;<\/p>\n\n\n\n<p>Nous d\u00e9veloppons ce mode de culture \u00e0 la ferme, depuis plusieurs ann\u00e9es, pour r\u00e9pondre efficacement aux effets du changement climatique.&nbsp;<strong>L\u2019agroforesterie consiste \u00e0 associer sur une m\u00eame parcelle, les v\u00e9g\u00e9taux (arbres, arbustes\u2026) et la pr\u00e9sence animale.&nbsp;<\/strong>&nbsp;<\/p>\n\n\n\n<p>Syst\u00e8me agricole mixte, il permet de diversifier la production et r\u00e9pond \u00e0 diff\u00e9rentes probl\u00e9matiques li\u00e9es aux effets n\u00e9fastes du changement climatique :&nbsp;<\/p>\n\n\n\n<p>&#8211; Constitue un abri climatique pour les plantes soumises \u00e0 des chaleurs et intensit\u00e9s lumineuses de plus en plus fortes.&nbsp;&nbsp;<\/p>\n\n\n\n<p>&#8211; Forme des brises vents.&nbsp;<\/p>\n\n\n\n<p>&#8211; Limite l\u2019\u00e9vapotranspiration r\u00e9duisant ainsi les besoins en eau.&nbsp;<\/p>\n\n\n\n<p>&#8211; Favorise la structuration du sol et limite l\u2019\u00e9rosion.&nbsp;<\/p>\n\n\n\n<p>&#8211; Cr\u00e9e un abri permanent pour la faune face aux ravageurs.&nbsp;<\/p>\n\n\n\n<h2>La d\u00e9gustation&nbsp;<\/h2>\n\n\n\n<p>Un stand tr\u00e8s attendu par la plupart d\u2019entre vous\u202f! Cette ann\u00e9e, il y avait diff\u00e9rentes vari\u00e9t\u00e9s de tomate \u00e0 d\u00e9guster mais \u00e9galement des radis, des carottes, des oignons, des poivrons, des courgettes et des aubergines grill\u00e9es \u00e0 la plancha par Florian, notre cuisinier du jour.&nbsp;<\/p>\n\n\n<div class=\"wp-block-image\">\n<figure class=\"aligncenter size-full\"><img loading=\"lazy\" width=\"680\" height=\"454\" src=\"https:\/\/www.agrosemens.com\/blog\/wp-content\/uploads\/2023\/10\/Degustation-2.jpg\" alt=\"Portes ouvertes - degustation\" class=\"wp-image-6464\" srcset=\"https:\/\/www.agrosemens.com\/blog\/wp-content\/uploads\/2023\/10\/Degustation-2.jpg 680w, https:\/\/www.agrosemens.com\/blog\/wp-content\/uploads\/2023\/10\/Degustation-2-300x200.jpg 300w\" sizes=\"(max-width: 680px) 100vw, 680px\" \/><\/figure><\/div>\n\n<div class=\"wp-block-image\">\n<figure class=\"aligncenter size-full\"><img loading=\"lazy\" width=\"680\" height=\"454\" src=\"https:\/\/www.agrosemens.com\/blog\/wp-content\/uploads\/2023\/10\/Degustation-4.jpg\" alt=\"Portes ouvertes - degustation\" class=\"wp-image-6465\" srcset=\"https:\/\/www.agrosemens.com\/blog\/wp-content\/uploads\/2023\/10\/Degustation-4.jpg 680w, https:\/\/www.agrosemens.com\/blog\/wp-content\/uploads\/2023\/10\/Degustation-4-300x200.jpg 300w\" sizes=\"(max-width: 680px) 100vw, 680px\" \/><\/figure><\/div>\n\n<div class=\"wp-block-image\">\n<figure class=\"aligncenter size-full\"><img loading=\"lazy\" width=\"680\" height=\"454\" src=\"https:\/\/www.agrosemens.com\/blog\/wp-content\/uploads\/2023\/10\/Degustation-8.jpg\" alt=\"Portes ouvertes - degustation\" class=\"wp-image-6466\" srcset=\"https:\/\/www.agrosemens.com\/blog\/wp-content\/uploads\/2023\/10\/Degustation-8.jpg 680w, https:\/\/www.agrosemens.com\/blog\/wp-content\/uploads\/2023\/10\/Degustation-8-300x200.jpg 300w\" sizes=\"(max-width: 680px) 100vw, 680px\" \/><\/figure><\/div>\n\n<div class=\"wp-block-image\">\n<figure class=\"aligncenter size-full\"><img loading=\"lazy\" width=\"680\" height=\"385\" src=\"https:\/\/www.agrosemens.com\/blog\/wp-content\/uploads\/2023\/10\/Degustation-9.jpg\" alt=\"Portes ouvertes - degustation\" class=\"wp-image-6467\" srcset=\"https:\/\/www.agrosemens.com\/blog\/wp-content\/uploads\/2023\/10\/Degustation-9.jpg 680w, https:\/\/www.agrosemens.com\/blog\/wp-content\/uploads\/2023\/10\/Degustation-9-300x170.jpg 300w\" sizes=\"(max-width: 680px) 100vw, 680px\" \/><\/figure><\/div>\n\n\n<p>L\u2019occasion pour l\u2019\u00e9quipe de la ferme d\u2019\u00e9changer avec chacun sur les sp\u00e9cificit\u00e9s de chaque vari\u00e9t\u00e9, de recueillir les pr\u00e9f\u00e9rences et de r\u00e9pondre aux questions. &nbsp;<\/p>\n\n\n\n<h2><strong>Pause repas<\/strong>&nbsp;<\/h2>\n\n\n<div class=\"wp-block-image\">\n<figure class=\"aligncenter size-full\"><img loading=\"lazy\" width=\"680\" height=\"356\" src=\"https:\/\/www.agrosemens.com\/blog\/wp-content\/uploads\/2023\/10\/REpas-1.jpg\" alt=\"Portes ouvertes - repas\" class=\"wp-image-6468\" srcset=\"https:\/\/www.agrosemens.com\/blog\/wp-content\/uploads\/2023\/10\/REpas-1.jpg 680w, https:\/\/www.agrosemens.com\/blog\/wp-content\/uploads\/2023\/10\/REpas-1-300x157.jpg 300w\" sizes=\"(max-width: 680px) 100vw, 680px\" \/><\/figure><\/div>\n\n\n<p>Nous nous sommes tous retrouv\u00e9s sous la tente pour partager un moment convivial et musical avec le groupe Idylum.&nbsp;<\/p>\n\n\n<div class=\"wp-block-image\">\n<figure class=\"aligncenter size-full\"><img loading=\"lazy\" width=\"680\" height=\"454\" src=\"https:\/\/www.agrosemens.com\/blog\/wp-content\/uploads\/2023\/10\/Partenaire-5.jpg\" alt=\"Portes ouvertes - stands\" class=\"wp-image-6469\" srcset=\"https:\/\/www.agrosemens.com\/blog\/wp-content\/uploads\/2023\/10\/Partenaire-5.jpg 680w, https:\/\/www.agrosemens.com\/blog\/wp-content\/uploads\/2023\/10\/Partenaire-5-300x200.jpg 300w\" sizes=\"(max-width: 680px) 100vw, 680px\" \/><\/figure><\/div>\n\n\n<p>Merci aux food trucks \u00ab\u202fLa petite portugaise\u202f\u00bb et \u00ab\u202fFrankie\u202f\u00bb pour leurs d\u00e9licieux petits plats, \u00e0 la brasserie \u00ab\u202fBAP\u202f\u00bb et la \u00ab\u202fKabane \u00e0 vin\u202f\u00bb pour les boissons. Sans oublier \u00ab\u202fLes pots de J\u00e9r\u00f4me\u202f\u00bb, notre glacier partenaire qui nous a r\u00e9gal\u00e9s de ses sorbets bio.&nbsp;<\/p>\n\n\n<div class=\"wp-block-image\">\n<figure class=\"aligncenter size-full\"><img loading=\"lazy\" width=\"680\" height=\"454\" src=\"https:\/\/www.agrosemens.com\/blog\/wp-content\/uploads\/2023\/10\/Partenaire-1.jpg\" alt=\"Portes ouvertes - partenaires\" class=\"wp-image-6470\" srcset=\"https:\/\/www.agrosemens.com\/blog\/wp-content\/uploads\/2023\/10\/Partenaire-1.jpg 680w, https:\/\/www.agrosemens.com\/blog\/wp-content\/uploads\/2023\/10\/Partenaire-1-300x200.jpg 300w\" sizes=\"(max-width: 680px) 100vw, 680px\" \/><\/figure><\/div>\n\n<div class=\"wp-block-image\">\n<figure class=\"aligncenter size-full\"><img loading=\"lazy\" width=\"680\" height=\"454\" src=\"https:\/\/www.agrosemens.com\/blog\/wp-content\/uploads\/2023\/10\/REpas-3.jpg\" alt=\"Portes ouvertes - partenaires\" class=\"wp-image-6471\" srcset=\"https:\/\/www.agrosemens.com\/blog\/wp-content\/uploads\/2023\/10\/REpas-3.jpg 680w, https:\/\/www.agrosemens.com\/blog\/wp-content\/uploads\/2023\/10\/REpas-3-300x200.jpg 300w\" sizes=\"(max-width: 680px) 100vw, 680px\" \/><\/figure><\/div>\n\n<div class=\"wp-block-image\">\n<figure class=\"aligncenter size-full\"><img loading=\"lazy\" width=\"680\" height=\"454\" src=\"https:\/\/www.agrosemens.com\/blog\/wp-content\/uploads\/2023\/10\/REpas-2.jpg\" alt=\"Portes ouvertes - partenaires\" class=\"wp-image-6472\" srcset=\"https:\/\/www.agrosemens.com\/blog\/wp-content\/uploads\/2023\/10\/REpas-2.jpg 680w, https:\/\/www.agrosemens.com\/blog\/wp-content\/uploads\/2023\/10\/REpas-2-300x200.jpg 300w\" sizes=\"(max-width: 680px) 100vw, 680px\" \/><\/figure><\/div>\n\n\n<h2><strong>Les stands<\/strong>&nbsp;<\/h2>\n\n\n<div class=\"wp-block-image\">\n<figure class=\"aligncenter size-full\"><img loading=\"lazy\" width=\"680\" height=\"396\" src=\"https:\/\/www.agrosemens.com\/blog\/wp-content\/uploads\/2023\/10\/LSB-1.jpg\" alt=\"Portes ouvertes - partenaires\" class=\"wp-image-6473\" srcset=\"https:\/\/www.agrosemens.com\/blog\/wp-content\/uploads\/2023\/10\/LSB-1.jpg 680w, https:\/\/www.agrosemens.com\/blog\/wp-content\/uploads\/2023\/10\/LSB-1-300x175.jpg 300w\" sizes=\"(max-width: 680px) 100vw, 680px\" \/><\/figure><\/div>\n\n\n<p>AGROSEMENS s\u00e9lectionne, produit et distribue 2 gammes de graines de semences 100% Bio :&nbsp;&nbsp;<\/p>\n\n\n\n<p>&#8211; l\u2019une d\u00e9di\u00e9e aux mara\u00eechers professionnels, AGROSEMENS<\/p>\n\n\n\n<p>&#8211; et la seconde, La Semence Bio\u00ae, issue de la gamme professionnelle, destin\u00e9e aux jardiniers amateurs. La Semence Bio\u00ae offre un large choix de graines potag\u00e8res, aromatiques, florales et des engrais verts 100% Bio et Reproductibles pour Semer la Vie dans nos assiettes !&nbsp;<\/p>\n\n\n<div class=\"wp-block-image\">\n<figure class=\"aligncenter size-full\"><img loading=\"lazy\" width=\"680\" height=\"454\" src=\"https:\/\/www.agrosemens.com\/blog\/wp-content\/uploads\/2023\/10\/LSB-2.jpg\" alt=\"Portes ouvertes - La Semence Bio\" class=\"wp-image-6474\" srcset=\"https:\/\/www.agrosemens.com\/blog\/wp-content\/uploads\/2023\/10\/LSB-2.jpg 680w, https:\/\/www.agrosemens.com\/blog\/wp-content\/uploads\/2023\/10\/LSB-2-300x200.jpg 300w\" sizes=\"(max-width: 680px) 100vw, 680px\" \/><\/figure><\/div>\n\n\n<p><strong>Merci \u00e0 tous nos partenaires pr\u00e9sents \u00e0 cette Journ\u00e9e Portes Ouvertes<\/strong> qui nous accompagnent au quotidien pour vous proposer chaque jour des semences de qualit\u00e9, des vari\u00e9t\u00e9s rustiques, anciennes et locales, toutes issues d\u2019une terre respect\u00e9e et travaill\u00e9e avec Amour et Bienveillance.&nbsp;<\/p>\n\n\n<div class=\"wp-block-image\">\n<figure class=\"aligncenter size-full\"><img loading=\"lazy\" width=\"680\" height=\"388\" src=\"https:\/\/www.agrosemens.com\/blog\/wp-content\/uploads\/2023\/10\/Partenaire-9.jpg\" alt=\"Portes ouvertes - partenaires\" class=\"wp-image-6475\" srcset=\"https:\/\/www.agrosemens.com\/blog\/wp-content\/uploads\/2023\/10\/Partenaire-9.jpg 680w, https:\/\/www.agrosemens.com\/blog\/wp-content\/uploads\/2023\/10\/Partenaire-9-300x171.jpg 300w\" sizes=\"(max-width: 680px) 100vw, 680px\" \/><\/figure><\/div>\n\n<div class=\"wp-block-image\">\n<figure class=\"aligncenter size-full\"><img loading=\"lazy\" width=\"680\" height=\"416\" src=\"https:\/\/www.agrosemens.com\/blog\/wp-content\/uploads\/2023\/10\/Partenaire-8.jpg\" alt=\"Portes ouvertes - partenaires\" class=\"wp-image-6476\" srcset=\"https:\/\/www.agrosemens.com\/blog\/wp-content\/uploads\/2023\/10\/Partenaire-8.jpg 680w, https:\/\/www.agrosemens.com\/blog\/wp-content\/uploads\/2023\/10\/Partenaire-8-300x184.jpg 300w\" sizes=\"(max-width: 680px) 100vw, 680px\" \/><figcaption>Aline Cassan, Bio Coh\u00e9rence&nbsp;<\/figcaption><\/figure><\/div>\n\n<div class=\"wp-block-image\">\n<figure class=\"aligncenter size-full\"><img loading=\"lazy\" width=\"680\" height=\"533\" src=\"https:\/\/www.agrosemens.com\/blog\/wp-content\/uploads\/2023\/10\/Partenaire-2.jpg\" alt=\"Portes ouvertes - partenaires\" class=\"wp-image-6477\" srcset=\"https:\/\/www.agrosemens.com\/blog\/wp-content\/uploads\/2023\/10\/Partenaire-2.jpg 680w, https:\/\/www.agrosemens.com\/blog\/wp-content\/uploads\/2023\/10\/Partenaire-2-300x235.jpg 300w\" sizes=\"(max-width: 680px) 100vw, 680px\" \/><figcaption>Le r\u00e9seau Bio de Provence&nbsp;<\/figcaption><\/figure><\/div>\n\n<div class=\"wp-block-image\">\n<figure class=\"aligncenter size-full\"><img loading=\"lazy\" width=\"680\" height=\"367\" src=\"https:\/\/www.agrosemens.com\/blog\/wp-content\/uploads\/2023\/10\/Partenaire-6.jpg\" alt=\"Portes ouvertes - partenaires\" class=\"wp-image-6478\" srcset=\"https:\/\/www.agrosemens.com\/blog\/wp-content\/uploads\/2023\/10\/Partenaire-6.jpg 680w, https:\/\/www.agrosemens.com\/blog\/wp-content\/uploads\/2023\/10\/Partenaire-6-300x162.jpg 300w\" sizes=\"(max-width: 680px) 100vw, 680px\" \/><figcaption>Terrateck et sa gamme d\u2019outils pour l\u2019agriculture mara\u00eech\u00e8re&nbsp;<\/figcaption><\/figure><\/div>\n\n<div class=\"wp-block-image\">\n<figure class=\"aligncenter size-full\"><img loading=\"lazy\" width=\"680\" height=\"454\" src=\"https:\/\/www.agrosemens.com\/blog\/wp-content\/uploads\/2023\/10\/Partenaire-7.jpg\" alt=\"Portes ouvertes - partenaires\" class=\"wp-image-6479\" srcset=\"https:\/\/www.agrosemens.com\/blog\/wp-content\/uploads\/2023\/10\/Partenaire-7.jpg 680w, https:\/\/www.agrosemens.com\/blog\/wp-content\/uploads\/2023\/10\/Partenaire-7-300x200.jpg 300w\" sizes=\"(max-width: 680px) 100vw, 680px\" \/><figcaption>Matthieu Chanel de l\u2019agence Doppio, photographe de l\u2019ouvrage \u00ab\u202fVoyage en terres de semences\u202f\u00bb<\/figcaption><\/figure><\/div>\n\n<div class=\"wp-block-image\">\n<figure class=\"aligncenter size-full\"><img loading=\"lazy\" width=\"680\" height=\"435\" src=\"https:\/\/www.agrosemens.com\/blog\/wp-content\/uploads\/2023\/10\/Partenaire-10.jpg\" alt=\"Portes ouvertes - partenaires\" class=\"wp-image-6480\" srcset=\"https:\/\/www.agrosemens.com\/blog\/wp-content\/uploads\/2023\/10\/Partenaire-10.jpg 680w, https:\/\/www.agrosemens.com\/blog\/wp-content\/uploads\/2023\/10\/Partenaire-10-300x192.jpg 300w\" sizes=\"(max-width: 680px) 100vw, 680px\" \/><figcaption>Notre photographe J\u00e9r\u00f4me Lopez de l\u2019agence Kayak<\/figcaption><\/figure><\/div>\n\n<div class=\"wp-block-image\">\n<figure class=\"aligncenter size-full\"><img loading=\"lazy\" width=\"680\" height=\"454\" src=\"https:\/\/www.agrosemens.com\/blog\/wp-content\/uploads\/2023\/10\/Partenaire-3.jpg\" alt=\"Portes ouvertes - partenaires\" class=\"wp-image-6481\" srcset=\"https:\/\/www.agrosemens.com\/blog\/wp-content\/uploads\/2023\/10\/Partenaire-3.jpg 680w, https:\/\/www.agrosemens.com\/blog\/wp-content\/uploads\/2023\/10\/Partenaire-3-300x200.jpg 300w\" sizes=\"(max-width: 680px) 100vw, 680px\" \/><figcaption>La librairie Maupetit&nbsp;<\/figcaption><\/figure><\/div>\n\n<div class=\"wp-block-image\">\n<figure class=\"aligncenter size-full\"><img loading=\"lazy\" width=\"680\" height=\"454\" src=\"https:\/\/www.agrosemens.com\/blog\/wp-content\/uploads\/2023\/10\/Partenaire-4.jpg\" alt=\"Portes ouvertes - partenaires\" class=\"wp-image-6482\" srcset=\"https:\/\/www.agrosemens.com\/blog\/wp-content\/uploads\/2023\/10\/Partenaire-4.jpg 680w, https:\/\/www.agrosemens.com\/blog\/wp-content\/uploads\/2023\/10\/Partenaire-4-300x200.jpg 300w\" sizes=\"(max-width: 680px) 100vw, 680px\" \/><figcaption>Colette Thurillet et ses magnifiques aquarelles potag\u00e8res.&nbsp;<\/figcaption><\/figure><\/div>\n\n\n<h3 class=\"has-text-align-center\"><strong>Rendez-vous pour la prochaine \u00e9dition en 2025 !&nbsp;&nbsp;<\/strong><\/h3>\n\n\n\n<p><\/p>\n\n\n\n<p>Cr\u00e9dit photo Agence KAYAK<\/p>\n","protected":false},"excerpt":{"rendered":"<p>Bienvenue \u00e0 la ferme semenci\u00e8re et exp\u00e9rimentale 100% BIO du Petit Sambuc au nord d\u2019Aix en Provence pour la 3\u00e8me \u00e9dition de notre Journ\u00e9e Portes Ouvertes\u202f!&nbsp; Une belle journ\u00e9e pour raconter notre histoire, partager notre passion et nos valeurs, mais aussi mettre en avant l\u2019implication et le savoir-faire de nos \u00e9quipes. Merci \u00e0 vous : &#8230; <\/p>\n<p class=\"moree\"><a class=\"btn btn-inverse btn-normal btn-primary \" href=\"https:\/\/www.agrosemens.com\/blog\/3eme-journee-portes-ouvertes\/\">Lire la suite<\/a><\/p>\n","protected":false},"author":1,"featured_media":6495,"comment_status":"open","ping_status":"open","sticky":false,"template":"","format":"standard","meta":[],"categories":[68],"tags":[43,44,67,6,53,8],"yoast_head":"<!-- This site is optimized with the Yoast SEO plugin v19.2 - https:\/\/yoast.com\/wordpress\/plugins\/seo\/ -->\n<title>3\u00e8me Journ\u00e9e Portes Ouvertes - Agrosemens<\/title>\n<meta name=\"description\" content=\"Bienvenue aux Portes Ouvertes\u202f de notre ferme semenci\u00e8re 100% BIO !\u00a0Une belle journ\u00e9e pour partager notre passion et nos valeurs,\" \/>\n<meta name=\"robots\" content=\"index, follow, max-snippet:-1, max-image-preview:large, max-video-preview:-1\" \/>\n<link rel=\"canonical\" href=\"https:\/\/www.agrosemens.com\/blog\/3eme-journee-portes-ouvertes\/\" \/>\n<meta property=\"og:locale\" content=\"fr_FR\" \/>\n<meta property=\"og:type\" content=\"article\" \/>\n<meta property=\"og:title\" content=\"3\u00e8me Journ\u00e9e Portes Ouvertes - Agrosemens\" \/>\n<meta property=\"og:description\" content=\"Bienvenue aux Portes Ouvertes\u202f de notre ferme semenci\u00e8re 100% BIO !\u00a0Une belle journ\u00e9e pour partager notre passion et nos valeurs,\" \/>\n<meta property=\"og:url\" content=\"https:\/\/www.agrosemens.com\/blog\/3eme-journee-portes-ouvertes\/\" \/>\n<meta property=\"og:site_name\" content=\"Agrosemens\" \/>\n<meta property=\"article:publisher\" content=\"https:\/\/www.facebook.com\/agrosemens.semencesbio\" \/>\n<meta property=\"article:author\" content=\"https:\/\/www.facebook.com\/agrosemens.semencesbio\" \/>\n<meta property=\"article:published_time\" content=\"2023-10-06T13:48:39+00:00\" \/>\n<meta property=\"article:modified_time\" content=\"2023-12-06T08:02:43+00:00\" \/>\n<meta property=\"og:image\" content=\"https:\/\/www.agrosemens.com\/blog\/wp-content\/uploads\/2023\/10\/Blog-JPO.png\" \/>\n\t<meta property=\"og:image:width\" content=\"789\" \/>\n\t<meta property=\"og:image:height\" content=\"398\" \/>\n\t<meta property=\"og:image:type\" content=\"image\/png\" \/>\n<meta name=\"author\" content=\"agrosemens\" \/>\n<meta name=\"twitter:card\" content=\"summary_large_image\" \/>\n<meta name=\"twitter:creator\" content=\"@AGROSEMENS\" \/>\n<meta name=\"twitter:site\" content=\"@AGROSEMENS\" \/>\n<meta name=\"twitter:label1\" content=\"\u00c9crit par\" \/>\n\t<meta name=\"twitter:data1\" content=\"agrosemens\" \/>\n\t<meta name=\"twitter:label2\" content=\"Dur\u00e9e de lecture estim\u00e9e\" \/>\n\t<meta name=\"twitter:data2\" content=\"14 minutes\" \/>\n<script type=\"application\/ld+json\" class=\"yoast-schema-graph\">{\"@context\":\"https:\/\/schema.org\",\"@graph\":[{\"@type\":\"WebSite\",\"@id\":\"https:\/\/www.agrosemens.com\/blog\/#website\",\"url\":\"https:\/\/www.agrosemens.com\/blog\/\",\"name\":\"Agrosemens\",\"description\":\"\",\"potentialAction\":[{\"@type\":\"SearchAction\",\"target\":{\"@type\":\"EntryPoint\",\"urlTemplate\":\"https:\/\/www.agrosemens.com\/blog\/?s={search_term_string}\"},\"query-input\":\"required name=search_term_string\"}],\"inLanguage\":\"fr-FR\"},{\"@type\":\"ImageObject\",\"inLanguage\":\"fr-FR\",\"@id\":\"https:\/\/www.agrosemens.com\/blog\/3eme-journee-portes-ouvertes\/#primaryimage\",\"url\":\"https:\/\/www.agrosemens.com\/blog\/wp-content\/uploads\/2023\/10\/Blog-JPO.png\",\"contentUrl\":\"https:\/\/www.agrosemens.com\/blog\/wp-content\/uploads\/2023\/10\/Blog-JPO.png\",\"width\":789,\"height\":398},{\"@type\":\"WebPage\",\"@id\":\"https:\/\/www.agrosemens.com\/blog\/3eme-journee-portes-ouvertes\/#webpage\",\"url\":\"https:\/\/www.agrosemens.com\/blog\/3eme-journee-portes-ouvertes\/\",\"name\":\"3\u00e8me Journ\u00e9e Portes Ouvertes - Agrosemens\",\"isPartOf\":{\"@id\":\"https:\/\/www.agrosemens.com\/blog\/#website\"},\"primaryImageOfPage\":{\"@id\":\"https:\/\/www.agrosemens.com\/blog\/3eme-journee-portes-ouvertes\/#primaryimage\"},\"datePublished\":\"2023-10-06T13:48:39+00:00\",\"dateModified\":\"2023-12-06T08:02:43+00:00\",\"author\":{\"@id\":\"https:\/\/www.agrosemens.com\/blog\/#\/schema\/person\/664e40d654d2410bde3127ef6b7dbcea\"},\"description\":\"Bienvenue aux Portes Ouvertes\u202f de notre ferme semenci\u00e8re 100% BIO !\u00a0Une belle journ\u00e9e pour partager notre passion et nos valeurs,\",\"breadcrumb\":{\"@id\":\"https:\/\/www.agrosemens.com\/blog\/3eme-journee-portes-ouvertes\/#breadcrumb\"},\"inLanguage\":\"fr-FR\",\"potentialAction\":[{\"@type\":\"ReadAction\",\"target\":[\"https:\/\/www.agrosemens.com\/blog\/3eme-journee-portes-ouvertes\/\"]}]},{\"@type\":\"BreadcrumbList\",\"@id\":\"https:\/\/www.agrosemens.com\/blog\/3eme-journee-portes-ouvertes\/#breadcrumb\",\"itemListElement\":[{\"@type\":\"ListItem\",\"position\":1,\"name\":\"Accueil\",\"item\":\"https:\/\/www.agrosemens.com\/blog\/\"},{\"@type\":\"ListItem\",\"position\":2,\"name\":\"3\u00e8me Journ\u00e9e Portes Ouvertes\"}]},{\"@type\":\"Person\",\"@id\":\"https:\/\/www.agrosemens.com\/blog\/#\/schema\/person\/664e40d654d2410bde3127ef6b7dbcea\",\"name\":\"agrosemens\",\"image\":{\"@type\":\"ImageObject\",\"inLanguage\":\"fr-FR\",\"@id\":\"https:\/\/www.agrosemens.com\/blog\/#\/schema\/person\/image\/\",\"url\":\"https:\/\/secure.gravatar.com\/avatar\/30fd52c19db62ec94fd384b619f355bf?s=96&d=blank&r=g\",\"contentUrl\":\"https:\/\/secure.gravatar.com\/avatar\/30fd52c19db62ec94fd384b619f355bf?s=96&d=blank&r=g\",\"caption\":\"agrosemens\"},\"sameAs\":[\"https:\/\/www.facebook.com\/agrosemens.semencesbio\",\"https:\/\/twitter.com\/AGROSEMENS\"]}]}<\/script>\n<!-- \/ Yoast SEO plugin. -->","yoast_head_json":{"title":"3\u00e8me Journ\u00e9e Portes Ouvertes - Agrosemens","description":"Bienvenue aux Portes Ouvertes\u202f de notre ferme semenci\u00e8re 100% BIO !\u00a0Une belle journ\u00e9e pour partager notre passion et nos valeurs,","robots":{"index":"index","follow":"follow","max-snippet":"max-snippet:-1","max-image-preview":"max-image-preview:large","max-video-preview":"max-video-preview:-1"},"canonical":"https:\/\/www.agrosemens.com\/blog\/3eme-journee-portes-ouvertes\/","og_locale":"fr_FR","og_type":"article","og_title":"3\u00e8me Journ\u00e9e Portes Ouvertes - Agrosemens","og_description":"Bienvenue aux Portes Ouvertes\u202f de notre ferme semenci\u00e8re 100% BIO !\u00a0Une belle journ\u00e9e pour partager notre passion et nos valeurs,","og_url":"https:\/\/www.agrosemens.com\/blog\/3eme-journee-portes-ouvertes\/","og_site_name":"Agrosemens","article_publisher":"https:\/\/www.facebook.com\/agrosemens.semencesbio","article_author":"https:\/\/www.facebook.com\/agrosemens.semencesbio","article_published_time":"2023-10-06T13:48:39+00:00","article_modified_time":"2023-12-06T08:02:43+00:00","og_image":[{"width":789,"height":398,"url":"https:\/\/www.agrosemens.com\/blog\/wp-content\/uploads\/2023\/10\/Blog-JPO.png","type":"image\/png"}],"author":"agrosemens","twitter_card":"summary_large_image","twitter_creator":"@AGROSEMENS","twitter_site":"@AGROSEMENS","twitter_misc":{"\u00c9crit par":"agrosemens","Dur\u00e9e de lecture estim\u00e9e":"14 minutes"},"schema":{"@context":"https:\/\/schema.org","@graph":[{"@type":"WebSite","@id":"https:\/\/www.agrosemens.com\/blog\/#website","url":"https:\/\/www.agrosemens.com\/blog\/","name":"Agrosemens","description":"","potentialAction":[{"@type":"SearchAction","target":{"@type":"EntryPoint","urlTemplate":"https:\/\/www.agrosemens.com\/blog\/?s={search_term_string}"},"query-input":"required name=search_term_string"}],"inLanguage":"fr-FR"},{"@type":"ImageObject","inLanguage":"fr-FR","@id":"https:\/\/www.agrosemens.com\/blog\/3eme-journee-portes-ouvertes\/#primaryimage","url":"https:\/\/www.agrosemens.com\/blog\/wp-content\/uploads\/2023\/10\/Blog-JPO.png","contentUrl":"https:\/\/www.agrosemens.com\/blog\/wp-content\/uploads\/2023\/10\/Blog-JPO.png","width":789,"height":398},{"@type":"WebPage","@id":"https:\/\/www.agrosemens.com\/blog\/3eme-journee-portes-ouvertes\/#webpage","url":"https:\/\/www.agrosemens.com\/blog\/3eme-journee-portes-ouvertes\/","name":"3\u00e8me Journ\u00e9e Portes Ouvertes - Agrosemens","isPartOf":{"@id":"https:\/\/www.agrosemens.com\/blog\/#website"},"primaryImageOfPage":{"@id":"https:\/\/www.agrosemens.com\/blog\/3eme-journee-portes-ouvertes\/#primaryimage"},"datePublished":"2023-10-06T13:48:39+00:00","dateModified":"2023-12-06T08:02:43+00:00","author":{"@id":"https:\/\/www.agrosemens.com\/blog\/#\/schema\/person\/664e40d654d2410bde3127ef6b7dbcea"},"description":"Bienvenue aux Portes Ouvertes\u202f de notre ferme semenci\u00e8re 100% BIO !\u00a0Une belle journ\u00e9e pour partager notre passion et nos valeurs,","breadcrumb":{"@id":"https:\/\/www.agrosemens.com\/blog\/3eme-journee-portes-ouvertes\/#breadcrumb"},"inLanguage":"fr-FR","potentialAction":[{"@type":"ReadAction","target":["https:\/\/www.agrosemens.com\/blog\/3eme-journee-portes-ouvertes\/"]}]},{"@type":"BreadcrumbList","@id":"https:\/\/www.agrosemens.com\/blog\/3eme-journee-portes-ouvertes\/#breadcrumb","itemListElement":[{"@type":"ListItem","position":1,"name":"Accueil","item":"https:\/\/www.agrosemens.com\/blog\/"},{"@type":"ListItem","position":2,"name":"3\u00e8me Journ\u00e9e Portes Ouvertes"}]},{"@type":"Person","@id":"https:\/\/www.agrosemens.com\/blog\/#\/schema\/person\/664e40d654d2410bde3127ef6b7dbcea","name":"agrosemens","image":{"@type":"ImageObject","inLanguage":"fr-FR","@id":"https:\/\/www.agrosemens.com\/blog\/#\/schema\/person\/image\/","url":"https:\/\/secure.gravatar.com\/avatar\/30fd52c19db62ec94fd384b619f355bf?s=96&d=blank&r=g","contentUrl":"https:\/\/secure.gravatar.com\/avatar\/30fd52c19db62ec94fd384b619f355bf?s=96&d=blank&r=g","caption":"agrosemens"},"sameAs":["https:\/\/www.facebook.com\/agrosemens.semencesbio","https:\/\/twitter.com\/AGROSEMENS"]}]}},"_links":{"self":[{"href":"https:\/\/www.agrosemens.com\/blog\/wp-json\/wp\/v2\/posts\/6440"}],"collection":[{"href":"https:\/\/www.agrosemens.com\/blog\/wp-json\/wp\/v2\/posts"}],"about":[{"href":"https:\/\/www.agrosemens.com\/blog\/wp-json\/wp\/v2\/types\/post"}],"author":[{"embeddable":true,"href":"https:\/\/www.agrosemens.com\/blog\/wp-json\/wp\/v2\/users\/1"}],"replies":[{"embeddable":true,"href":"https:\/\/www.agrosemens.com\/blog\/wp-json\/wp\/v2\/comments?post=6440"}],"version-history":[{"count":11,"href":"https:\/\/www.agrosemens.com\/blog\/wp-json\/wp\/v2\/posts\/6440\/revisions"}],"predecessor-version":[{"id":6523,"href":"https:\/\/www.agrosemens.com\/blog\/wp-json\/wp\/v2\/posts\/6440\/revisions\/6523"}],"wp:featuredmedia":[{"embeddable":true,"href":"https:\/\/www.agrosemens.com\/blog\/wp-json\/wp\/v2\/media\/6495"}],"wp:attachment":[{"href":"https:\/\/www.agrosemens.com\/blog\/wp-json\/wp\/v2\/media?parent=6440"}],"wp:term":[{"taxonomy":"category","embeddable":true,"href":"https:\/\/www.agrosemens.com\/blog\/wp-json\/wp\/v2\/categories?post=6440"},{"taxonomy":"post_tag","embeddable":true,"href":"https:\/\/www.agrosemens.com\/blog\/wp-json\/wp\/v2\/tags?post=6440"}],"curies":[{"name":"wp","href":"https:\/\/api.w.org\/{rel}","templated":true}]}}