{"id":5194,"date":"2020-03-12T08:38:39","date_gmt":"2020-03-12T07:38:39","guid":{"rendered":"https:\/\/www.agrosemens.com\/blog\/?p=5194"},"modified":"2020-03-12T11:56:29","modified_gmt":"2020-03-12T10:56:29","slug":"agrosemens-informe-rugose-tobrfv-tomate-piment-doux-fort","status":"publish","type":"post","link":"https:\/\/www.agrosemens.com\/blog\/agrosemens-informe-rugose-tobrfv-tomate-piment-doux-fort\/","title":{"rendered":"AGROSEMENS vous informe : La rugose, ToBRFV, sur tomate et piment (doux et fort)"},"content":{"rendered":"<p>&nbsp;<\/p>\n<p>Chers amis semeurs,<\/p>\n<p>A la suite des derni\u00e8res d\u00e9cisions europ\u00e9ennes concernant le nouveau pathog\u00e8ne ToBRFV, virus de la rugose de la tomate, nous vous faisons part du positionnement d\u2019AGROSEMENS \u00e0 ce sujet.<\/p>\n<p>Vous trouverez ci-dessous la d\u00e9cision d\u2019ex\u00e9cution de la commission du 26 septembre 2019\u00a0 du journal officiel de l\u2019Union europ\u00e9enne, \u00e9tablissant des mesures d&#8217;urgence destin\u00e9es \u00e0 \u00e9viter l&#8217;introduction et la propagation du virus du fruit rugueux de la tomate brune (ToBRFV) dans l&#8217;Union.<\/p>\n<p>Vous pourrez noter au paragraphe N\u00b02 que ce virus n\u2019est pas g\u00e9n\u00e9ralis\u00e9 \u00e0 toutes les solanac\u00e9es et que seules les esp\u00e8ces <strong>Solanum lycopersicum L. (Tomate) et Capsicum annuum (poivron)<\/strong> sont concern\u00e9es.<\/p>\n<p>Vous noterez, \u00e9galement, \u00e0 l\u2019article N\u00b05 b) ii) que vous pouvez utiliser des semences dont la zone d\u2019origine est indemne de la pr\u00e9sence de ce virus\u00a0en 2019.<br \/>\nVous pouvez consulter la cartographie de pr\u00e9sence de ce pathog\u00e8ne en cliquant sur le lien suivant\u00a0:\u00a0<a href=\"https:\/\/gd.eppo.int\/taxon\/TOBRFV\/distribution\" target=\"_blank\">https:\/\/gd.eppo.int\/taxon\/TOBRFV\/distribution<\/a><\/p>\n<p><strong>A ce sujet, nous rappelons qu\u2019AGROSEMENS produit ces semences \u00e0 travers un r\u00e9seau d\u2019agriculteurs multiplicateurs de semences fran\u00e7ais. Le passeport phytosanitaire dont la d\u00e9livrance est indiqu\u00e9e sur nos sachets vous garantit l\u2019absence de ce pathog\u00e8ne,\u00a0et le fait que nos lots de production de semences soient produits en France , exempte de ce pathog\u00e8ne jusqu\u2019au d\u00e9but 2020, constitue une s\u00e9curit\u00e9 \u00e0 elle seule.<\/strong><\/p>\n<p>Pour rappel, les semences qui vous sont fournies en gamme premium code TP sont test\u00e9es pour s\u2019assurer de l\u2019absence des pathog\u00e8nes Clavibacter et Pepino virus. Au regard des inqui\u00e9tudes que suscite ce nouveau pathog\u00e8ne, la soci\u00e9t\u00e9 AGROSEMENS a pris la d\u00e9cision de s\u2019assurer aussi de l\u2019absence de ToBRFV pour tous les nouveaux lots de semences de tomate, poivron, piment\u00a0 de sa production, entrant dans les stocks cette ann\u00e9e.<\/p>\n<h2>D\u00c9CISION D&#8217;EX\u00c9CUTION (UE) 2019\/1615<\/h2>\n<p>Commission du 26 septembre 2019 \u00e9tablissant des mesures d&#8217;urgence destin\u00e9es \u00e0 \u00e9viter l&#8217;introduction et la propagation du virus du fruit rugueux de la tomate brune (ToBRFV) dans l&#8217;Union [notifi\u00e9e sous le num\u00e9ro C(2019) 6826]<\/p>\n<p><strong>LA COMMISSION EUROP\u00c9ENNE<\/strong>, vu le trait\u00e9 sur le fonctionnement de l&#8217;Union europ\u00e9enne, vu la directive 2000\/29\/CE du Conseil du 8 mai 2000 concernant les mesures de protection contre l&#8217;introduction dans la Communaut\u00e9 d&#8217;organismes nuisibles aux v\u00e9g\u00e9taux ou aux produits v\u00e9g\u00e9taux et contre leur propagation \u00e0 l&#8217;int\u00e9rieur de la Communaut\u00e9 (1), et notamment son article 16, paragraphe 3, troisi\u00e8me phrase, consid\u00e9rant ce qui suit:<br \/>\n(1) Le virus du fruit rugueux de la tomate brune (ci-apr\u00e8s l&#8217;\u00aborganisme sp\u00e9cifi\u00e9\u00bb) est un organisme nuisible qui, \u00e0 ce jour, n&#8217;est inscrit ni \u00e0 l&#8217;annexe I ni \u00e0 l&#8217;annexe II de la directive 2000\/29\/CE.<br \/>\n(2) Cependant, \u00e0 la fin de l&#8217;ann\u00e9e 2018, l&#8217;Allemagne et l&#8217;Italie ont d\u00e9clar\u00e9 des foyers d&#8217;infestation par l&#8217;organisme sp\u00e9cifi\u00e9 dans des cultures de tomates sur leur territoire et communiqu\u00e9 les mesures de lutte adopt\u00e9es. Une analyse du risque phytosanitaire r\u00e9alis\u00e9e par Italie a d\u00e9montr\u00e9 que l&#8217;organisme sp\u00e9cifi\u00e9 et ses effets n\u00e9fastes pourraient constituer une menace sanitaire importante dans l&#8217;Union, notamment pour la production de\u00a0<strong>Solanum lycopersicum\u00a0L. et de\u00a0Capsicum annuum.<\/strong><br \/>\n(3) Les \u00c9tats membres devraient donc veiller \u00e0 ce que toute personne ayant sous son contr\u00f4le des v\u00e9g\u00e9taux susceptibles d&#8217;\u00eatre infest\u00e9s par l&#8217;organisme sp\u00e9cifi\u00e9 soit inform\u00e9e de la pr\u00e9sence potentielle de celui-ci et des mesures \u00e0 prendre.<br \/>\n(4) Les \u00c9tats membres devraient en outre r\u00e9aliser des enqu\u00eates annuelles visant \u00e0 d\u00e9celer la pr\u00e9sence de l&#8217;organisme sp\u00e9cifi\u00e9 sur leur territoire pour garantir une strat\u00e9gie plus pr\u00e9ventive face \u00e0 l&#8217;implantation et \u00e0 la propagation de ce dernier.<br \/>\n(5) Au vu des donn\u00e9es probantes \u00e9manant d&#8217;Allemagne et d&#8217;Italie, et compte tenu de la propagation de l&#8217;organisme sp\u00e9cifi\u00e9 dans un nombre croissant de pays tiers, les v\u00e9g\u00e9taux sensibles sp\u00e9cifi\u00e9s qui sont destin\u00e9s \u00e0 la plantation, y compris les semences, devraient \u00eatre soumis \u00e0 des mesures sp\u00e9cifiques lors de leur introduction dans l&#8217;Union et \u00eatre accompagn\u00e9s d&#8217;un certificat phytosanitaire.<br \/>\n(6) Ces mesures sp\u00e9cifiques devraient pr\u00e9voir la d\u00e9tection rapide de l&#8217;organisme sp\u00e9cifi\u00e9 sur le territoire de l&#8217;Union, les exigences concernant l&#8217;introduction dans l&#8217;Union des v\u00e9g\u00e9taux sp\u00e9cifi\u00e9s qui sont destin\u00e9s \u00e0 la plantation, y compris les semences, ainsi que les contr\u00f4les officiels \u00e0 effectuer lors de l&#8217;introduction de ces v\u00e9g\u00e9taux dans l&#8217;Union.<br \/>\n(7) De telles mesures sont n\u00e9cessaires pour garantir une protection renforc\u00e9e du territoire de l&#8217;Union contre l&#8217;entr\u00e9e, l&#8217;implantation et la propagation de l&#8217;organisme sp\u00e9cifi\u00e9.<br \/>\n(8) Afin que les organismes officiels responsables et les op\u00e9rateurs professionnels puissent s&#8217;adapter \u00e0 ces exigences, la pr\u00e9sente d\u00e9cision devrait s&#8217;appliquer \u00e0 partir du 1er novembre 2019.<br \/>\n(9) La pr\u00e9sente d\u00e9cision devrait \u00eatre temporaire et s&#8217;appliquer jusqu&#8217;au 31 mars 2022, de mani\u00e8re \u00e0 pouvoir \u00eatre r\u00e9examin\u00e9e avant cette date.<br \/>\n(10) Les mesures pr\u00e9vues par la pr\u00e9sente d\u00e9cision sont conformes \u00e0 l&#8217;avis du comit\u00e9 permanent des v\u00e9g\u00e9taux, des animaux, des denr\u00e9es alimentaires et des aliments pour animaux, 30.9.2019 L 250\/91 Journal officiel de l&#8217;Union europ\u00e9enne FR (1)JO L 169 du 10.7.2000, p. 1.<\/p>\n<p><strong>A ADOPT\u00c9 LA PR\u00c9SENTE D\u00c9CISION<\/strong>:<br \/>\n\u2026\/\u2026<br \/>\nArticle 5\u00a0<strong>Mouvements dans l&#8217;Union des v\u00e9g\u00e9taux sp\u00e9cifi\u00e9s destin\u00e9s \u00e0 la plantation<\/strong><\/p>\n<p>Les v\u00e9g\u00e9taux sp\u00e9cifi\u00e9s destin\u00e9s \u00e0 la plantation qui sont originaires du territoire de l&#8217;Union ne peuvent circuler dans l&#8217;Union que s&#8217;ils sont accompagn\u00e9s d&#8217;un passeport phytosanitaire \u00e9tabli et d\u00e9livr\u00e9 conform\u00e9ment \u00e0 la directive 92\/105\/CEE de la Commission (2) et satisfont \u00e0 l&#8217;un des crit\u00e8res suivants:<br \/>\na) ils sont originaires de zones o\u00f9 l&#8217;organisme sp\u00e9cifi\u00e9 est inconnu;<br \/>\nb) pour les v\u00e9g\u00e9taux destin\u00e9s \u00e0 la plantation autres que les semences:<br \/>\ni) ils sont originaires d&#8217;un site de production o\u00f9, d&#8217;apr\u00e8s les inspections officielles r\u00e9alis\u00e9es \u00e0 un moment propice \u00e0 sa d\u00e9tection, l&#8217;organisme sp\u00e9cifi\u00e9 est inconnu;<br \/>\nii)<strong> ils sont issus de semences originaires de zones qui soit sont indemnes de l&#8217;organisme sp\u00e9cifi\u00e9 soit ont \u00e9t\u00e9 d\u00e9clar\u00e9es indemnes \u00e0 la suite de tests officiels pratiqu\u00e9s sur un \u00e9chantillon repr\u00e9sentatif \u00e0 l&#8217;aide de m\u00e9thodes appropri\u00e9es;<\/strong><br \/>\nc) pour les semences, elles ont \u00e9t\u00e9 d\u00e9clar\u00e9es indemnes de l&#8217;organisme sp\u00e9cifi\u00e9 \u00e0 la suite d&#8217;un \u00e9chantillonnage et de tests officiels r\u00e9alis\u00e9s sur un \u00e9chantillon repr\u00e9sentatif \u00e0 l&#8217;aide de m\u00e9thodes appropri\u00e9es. 30.9.2019 L 250\/92 Journal officiel de l&#8217;Union europ\u00e9enne FR (2)Directive 92\/105\/CEE de la Commission du 3 d\u00e9cembre 1992 \u00e9tablissant une certaine normalisation des passeports phytosanitaires \u00e0 utiliser pour les mouvements de certains v\u00e9g\u00e9taux, produits v\u00e9g\u00e9taux ou autres objets \u00e0 l&#8217;int\u00e9rieur de la Communaut\u00e9 et fixant les modalit\u00e9s relatives \u00e0 la d\u00e9livrance de tels passeports phytosanitaires, ainsi que les conditions et modalit\u00e9s de leur remplacement (JO L 4 du 8.1.1993, p. 22).<\/p>\n<p>\u2026\/\u2026<br \/>\n.<br \/>\nPar la Commission\u00a0Vytenis ANDRIUKAITIS\u00a0Membre de la Commission\u00a030.9.2019 L 250\/94 Journal officiel de l&#8217;Union europ\u00e9enne FR<\/p>\n<p>Acc\u00e8s au document complet\u00a0:\u00a0<a href=\"https:\/\/op.europa.eu\/en\/publication-detail\/-\/publication\/044b8aaa-e357-11e9-9c4e-01aa75ed71a1\/language-fr\/format-HTML\" target=\"_blank\">https:\/\/op.europa.eu\/en\/publication-detail\/-\/publication\/044b8aaa-e357-11e9-9c4e-01aa75ed71a1\/language-fr\/format-HTML<\/a><\/p>\n<p>&nbsp;<\/p>\n<p><span style=\"font-size: 8pt;\">Cr\u00e9dits photo\u00a0Pascal GENTIT (ANSES)\u00a0<a href=\"http:\/\/ephytia.inra.fr\/fr\/C\/26498\/Tomate-Virus-des-fruits-bruns-et-rugueux-de-la-tomate-ToBRFV\" target=\"_blank\">http:\/\/ephytia.inra.fr\/fr\/C\/26498\/Tomate-Virus-des-fruits-bruns-et-rugueux-de-la-tomate-ToBRFV<\/a><\/span><\/p>\n","protected":false},"excerpt":{"rendered":"<p>&nbsp; Chers amis semeurs, A la suite des derni\u00e8res d\u00e9cisions europ\u00e9ennes concernant le nouveau pathog\u00e8ne ToBRFV, virus de la rugose de la tomate, nous vous faisons part du positionnement d\u2019AGROSEMENS \u00e0 ce sujet. Vous trouverez ci-dessous la d\u00e9cision d\u2019ex\u00e9cution de la commission du 26 septembre 2019\u00a0 du journal officiel de l\u2019Union europ\u00e9enne, \u00e9tablissant des mesures &#8230; <\/p>\n<p class=\"moree\"><a class=\"btn btn-inverse btn-normal btn-primary \" href=\"https:\/\/www.agrosemens.com\/blog\/agrosemens-informe-rugose-tobrfv-tomate-piment-doux-fort\/\">Lire la suite<\/a><\/p>\n","protected":false},"author":1,"featured_media":5201,"comment_status":"open","ping_status":"open","sticky":false,"template":"","format":"standard","meta":[],"categories":[31],"tags":[],"yoast_head":"<!-- This site is optimized with the Yoast SEO plugin v19.2 - https:\/\/yoast.com\/wordpress\/plugins\/seo\/ -->\n<title>AGROSEMENS vous informe : La rugose, ToBRFV, sur tomate et piment (doux et fort) - Agrosemens<\/title>\n<meta name=\"robots\" content=\"index, follow, max-snippet:-1, max-image-preview:large, max-video-preview:-1\" \/>\n<link rel=\"canonical\" href=\"https:\/\/www.agrosemens.com\/blog\/agrosemens-informe-rugose-tobrfv-tomate-piment-doux-fort\/\" \/>\n<meta property=\"og:locale\" content=\"fr_FR\" \/>\n<meta property=\"og:type\" content=\"article\" \/>\n<meta property=\"og:title\" content=\"AGROSEMENS vous informe : La rugose, ToBRFV, sur tomate et piment (doux et fort) - Agrosemens\" \/>\n<meta property=\"og:description\" content=\"&nbsp; Chers amis semeurs, A la suite des derni\u00e8res d\u00e9cisions europ\u00e9ennes concernant le nouveau pathog\u00e8ne ToBRFV, virus de la rugose de la tomate, nous vous faisons part du positionnement d\u2019AGROSEMENS \u00e0 ce sujet. Vous trouverez ci-dessous la d\u00e9cision d\u2019ex\u00e9cution de la commission du 26 septembre 2019\u00a0 du journal officiel de l\u2019Union europ\u00e9enne, \u00e9tablissant des mesures ... Lire la suite\" \/>\n<meta property=\"og:url\" content=\"https:\/\/www.agrosemens.com\/blog\/agrosemens-informe-rugose-tobrfv-tomate-piment-doux-fort\/\" \/>\n<meta property=\"og:site_name\" content=\"Agrosemens\" \/>\n<meta property=\"article:publisher\" content=\"https:\/\/www.facebook.com\/agrosemens.semencesbio\" \/>\n<meta property=\"article:author\" content=\"https:\/\/www.facebook.com\/agrosemens.semencesbio\" \/>\n<meta property=\"article:published_time\" content=\"2020-03-12T07:38:39+00:00\" \/>\n<meta property=\"article:modified_time\" content=\"2020-03-12T10:56:29+00:00\" \/>\n<meta property=\"og:image\" content=\"https:\/\/www.agrosemens.com\/blog\/wp-content\/uploads\/2020\/03\/ToBRFV-tomates.jpg\" \/>\n\t<meta property=\"og:image:width\" content=\"789\" \/>\n\t<meta property=\"og:image:height\" content=\"400\" \/>\n\t<meta property=\"og:image:type\" content=\"image\/jpeg\" \/>\n<meta name=\"author\" content=\"agrosemens\" \/>\n<meta name=\"twitter:card\" content=\"summary_large_image\" \/>\n<meta name=\"twitter:creator\" content=\"@AGROSEMENS\" \/>\n<meta name=\"twitter:site\" content=\"@AGROSEMENS\" \/>\n<meta name=\"twitter:label1\" content=\"\u00c9crit par\" \/>\n\t<meta name=\"twitter:data1\" content=\"agrosemens\" \/>\n\t<meta name=\"twitter:label2\" content=\"Dur\u00e9e de lecture estim\u00e9e\" \/>\n\t<meta name=\"twitter:data2\" content=\"6 minutes\" \/>\n<script type=\"application\/ld+json\" class=\"yoast-schema-graph\">{\"@context\":\"https:\/\/schema.org\",\"@graph\":[{\"@type\":\"WebSite\",\"@id\":\"https:\/\/www.agrosemens.com\/blog\/#website\",\"url\":\"https:\/\/www.agrosemens.com\/blog\/\",\"name\":\"Agrosemens\",\"description\":\"\",\"potentialAction\":[{\"@type\":\"SearchAction\",\"target\":{\"@type\":\"EntryPoint\",\"urlTemplate\":\"https:\/\/www.agrosemens.com\/blog\/?s={search_term_string}\"},\"query-input\":\"required name=search_term_string\"}],\"inLanguage\":\"fr-FR\"},{\"@type\":\"ImageObject\",\"inLanguage\":\"fr-FR\",\"@id\":\"https:\/\/www.agrosemens.com\/blog\/agrosemens-informe-rugose-tobrfv-tomate-piment-doux-fort\/#primaryimage\",\"url\":\"https:\/\/www.agrosemens.com\/blog\/wp-content\/uploads\/2020\/03\/ToBRFV-tomates.jpg\",\"contentUrl\":\"https:\/\/www.agrosemens.com\/blog\/wp-content\/uploads\/2020\/03\/ToBRFV-tomates.jpg\",\"width\":789,\"height\":400},{\"@type\":\"WebPage\",\"@id\":\"https:\/\/www.agrosemens.com\/blog\/agrosemens-informe-rugose-tobrfv-tomate-piment-doux-fort\/#webpage\",\"url\":\"https:\/\/www.agrosemens.com\/blog\/agrosemens-informe-rugose-tobrfv-tomate-piment-doux-fort\/\",\"name\":\"AGROSEMENS vous informe : La rugose, ToBRFV, sur tomate et piment (doux et fort) - Agrosemens\",\"isPartOf\":{\"@id\":\"https:\/\/www.agrosemens.com\/blog\/#website\"},\"primaryImageOfPage\":{\"@id\":\"https:\/\/www.agrosemens.com\/blog\/agrosemens-informe-rugose-tobrfv-tomate-piment-doux-fort\/#primaryimage\"},\"datePublished\":\"2020-03-12T07:38:39+00:00\",\"dateModified\":\"2020-03-12T10:56:29+00:00\",\"author\":{\"@id\":\"https:\/\/www.agrosemens.com\/blog\/#\/schema\/person\/664e40d654d2410bde3127ef6b7dbcea\"},\"breadcrumb\":{\"@id\":\"https:\/\/www.agrosemens.com\/blog\/agrosemens-informe-rugose-tobrfv-tomate-piment-doux-fort\/#breadcrumb\"},\"inLanguage\":\"fr-FR\",\"potentialAction\":[{\"@type\":\"ReadAction\",\"target\":[\"https:\/\/www.agrosemens.com\/blog\/agrosemens-informe-rugose-tobrfv-tomate-piment-doux-fort\/\"]}]},{\"@type\":\"BreadcrumbList\",\"@id\":\"https:\/\/www.agrosemens.com\/blog\/agrosemens-informe-rugose-tobrfv-tomate-piment-doux-fort\/#breadcrumb\",\"itemListElement\":[{\"@type\":\"ListItem\",\"position\":1,\"name\":\"Accueil\",\"item\":\"https:\/\/www.agrosemens.com\/blog\/\"},{\"@type\":\"ListItem\",\"position\":2,\"name\":\"AGROSEMENS vous informe : La rugose, ToBRFV, sur tomate et piment (doux et fort)\"}]},{\"@type\":\"Person\",\"@id\":\"https:\/\/www.agrosemens.com\/blog\/#\/schema\/person\/664e40d654d2410bde3127ef6b7dbcea\",\"name\":\"agrosemens\",\"image\":{\"@type\":\"ImageObject\",\"inLanguage\":\"fr-FR\",\"@id\":\"https:\/\/www.agrosemens.com\/blog\/#\/schema\/person\/image\/\",\"url\":\"https:\/\/secure.gravatar.com\/avatar\/30fd52c19db62ec94fd384b619f355bf?s=96&d=blank&r=g\",\"contentUrl\":\"https:\/\/secure.gravatar.com\/avatar\/30fd52c19db62ec94fd384b619f355bf?s=96&d=blank&r=g\",\"caption\":\"agrosemens\"},\"sameAs\":[\"https:\/\/www.facebook.com\/agrosemens.semencesbio\",\"https:\/\/twitter.com\/AGROSEMENS\"]}]}<\/script>\n<!-- \/ Yoast SEO plugin. -->","yoast_head_json":{"title":"AGROSEMENS vous informe : La rugose, ToBRFV, sur tomate et piment (doux et fort) - Agrosemens","robots":{"index":"index","follow":"follow","max-snippet":"max-snippet:-1","max-image-preview":"max-image-preview:large","max-video-preview":"max-video-preview:-1"},"canonical":"https:\/\/www.agrosemens.com\/blog\/agrosemens-informe-rugose-tobrfv-tomate-piment-doux-fort\/","og_locale":"fr_FR","og_type":"article","og_title":"AGROSEMENS vous informe : La rugose, ToBRFV, sur tomate et piment (doux et fort) - Agrosemens","og_description":"&nbsp; Chers amis semeurs, A la suite des derni\u00e8res d\u00e9cisions europ\u00e9ennes concernant le nouveau pathog\u00e8ne ToBRFV, virus de la rugose de la tomate, nous vous faisons part du positionnement d\u2019AGROSEMENS \u00e0 ce sujet. Vous trouverez ci-dessous la d\u00e9cision d\u2019ex\u00e9cution de la commission du 26 septembre 2019\u00a0 du journal officiel de l\u2019Union europ\u00e9enne, \u00e9tablissant des mesures ... Lire la suite","og_url":"https:\/\/www.agrosemens.com\/blog\/agrosemens-informe-rugose-tobrfv-tomate-piment-doux-fort\/","og_site_name":"Agrosemens","article_publisher":"https:\/\/www.facebook.com\/agrosemens.semencesbio","article_author":"https:\/\/www.facebook.com\/agrosemens.semencesbio","article_published_time":"2020-03-12T07:38:39+00:00","article_modified_time":"2020-03-12T10:56:29+00:00","og_image":[{"width":789,"height":400,"url":"https:\/\/www.agrosemens.com\/blog\/wp-content\/uploads\/2020\/03\/ToBRFV-tomates.jpg","type":"image\/jpeg"}],"author":"agrosemens","twitter_card":"summary_large_image","twitter_creator":"@AGROSEMENS","twitter_site":"@AGROSEMENS","twitter_misc":{"\u00c9crit par":"agrosemens","Dur\u00e9e de lecture estim\u00e9e":"6 minutes"},"schema":{"@context":"https:\/\/schema.org","@graph":[{"@type":"WebSite","@id":"https:\/\/www.agrosemens.com\/blog\/#website","url":"https:\/\/www.agrosemens.com\/blog\/","name":"Agrosemens","description":"","potentialAction":[{"@type":"SearchAction","target":{"@type":"EntryPoint","urlTemplate":"https:\/\/www.agrosemens.com\/blog\/?s={search_term_string}"},"query-input":"required name=search_term_string"}],"inLanguage":"fr-FR"},{"@type":"ImageObject","inLanguage":"fr-FR","@id":"https:\/\/www.agrosemens.com\/blog\/agrosemens-informe-rugose-tobrfv-tomate-piment-doux-fort\/#primaryimage","url":"https:\/\/www.agrosemens.com\/blog\/wp-content\/uploads\/2020\/03\/ToBRFV-tomates.jpg","contentUrl":"https:\/\/www.agrosemens.com\/blog\/wp-content\/uploads\/2020\/03\/ToBRFV-tomates.jpg","width":789,"height":400},{"@type":"WebPage","@id":"https:\/\/www.agrosemens.com\/blog\/agrosemens-informe-rugose-tobrfv-tomate-piment-doux-fort\/#webpage","url":"https:\/\/www.agrosemens.com\/blog\/agrosemens-informe-rugose-tobrfv-tomate-piment-doux-fort\/","name":"AGROSEMENS vous informe : La rugose, ToBRFV, sur tomate et piment (doux et fort) - Agrosemens","isPartOf":{"@id":"https:\/\/www.agrosemens.com\/blog\/#website"},"primaryImageOfPage":{"@id":"https:\/\/www.agrosemens.com\/blog\/agrosemens-informe-rugose-tobrfv-tomate-piment-doux-fort\/#primaryimage"},"datePublished":"2020-03-12T07:38:39+00:00","dateModified":"2020-03-12T10:56:29+00:00","author":{"@id":"https:\/\/www.agrosemens.com\/blog\/#\/schema\/person\/664e40d654d2410bde3127ef6b7dbcea"},"breadcrumb":{"@id":"https:\/\/www.agrosemens.com\/blog\/agrosemens-informe-rugose-tobrfv-tomate-piment-doux-fort\/#breadcrumb"},"inLanguage":"fr-FR","potentialAction":[{"@type":"ReadAction","target":["https:\/\/www.agrosemens.com\/blog\/agrosemens-informe-rugose-tobrfv-tomate-piment-doux-fort\/"]}]},{"@type":"BreadcrumbList","@id":"https:\/\/www.agrosemens.com\/blog\/agrosemens-informe-rugose-tobrfv-tomate-piment-doux-fort\/#breadcrumb","itemListElement":[{"@type":"ListItem","position":1,"name":"Accueil","item":"https:\/\/www.agrosemens.com\/blog\/"},{"@type":"ListItem","position":2,"name":"AGROSEMENS vous informe : La rugose, ToBRFV, sur tomate et piment (doux et fort)"}]},{"@type":"Person","@id":"https:\/\/www.agrosemens.com\/blog\/#\/schema\/person\/664e40d654d2410bde3127ef6b7dbcea","name":"agrosemens","image":{"@type":"ImageObject","inLanguage":"fr-FR","@id":"https:\/\/www.agrosemens.com\/blog\/#\/schema\/person\/image\/","url":"https:\/\/secure.gravatar.com\/avatar\/30fd52c19db62ec94fd384b619f355bf?s=96&d=blank&r=g","contentUrl":"https:\/\/secure.gravatar.com\/avatar\/30fd52c19db62ec94fd384b619f355bf?s=96&d=blank&r=g","caption":"agrosemens"},"sameAs":["https:\/\/www.facebook.com\/agrosemens.semencesbio","https:\/\/twitter.com\/AGROSEMENS"]}]}},"_links":{"self":[{"href":"https:\/\/www.agrosemens.com\/blog\/wp-json\/wp\/v2\/posts\/5194"}],"collection":[{"href":"https:\/\/www.agrosemens.com\/blog\/wp-json\/wp\/v2\/posts"}],"about":[{"href":"https:\/\/www.agrosemens.com\/blog\/wp-json\/wp\/v2\/types\/post"}],"author":[{"embeddable":true,"href":"https:\/\/www.agrosemens.com\/blog\/wp-json\/wp\/v2\/users\/1"}],"replies":[{"embeddable":true,"href":"https:\/\/www.agrosemens.com\/blog\/wp-json\/wp\/v2\/comments?post=5194"}],"version-history":[{"count":6,"href":"https:\/\/www.agrosemens.com\/blog\/wp-json\/wp\/v2\/posts\/5194\/revisions"}],"predecessor-version":[{"id":5202,"href":"https:\/\/www.agrosemens.com\/blog\/wp-json\/wp\/v2\/posts\/5194\/revisions\/5202"}],"wp:featuredmedia":[{"embeddable":true,"href":"https:\/\/www.agrosemens.com\/blog\/wp-json\/wp\/v2\/media\/5201"}],"wp:attachment":[{"href":"https:\/\/www.agrosemens.com\/blog\/wp-json\/wp\/v2\/media?parent=5194"}],"wp:term":[{"taxonomy":"category","embeddable":true,"href":"https:\/\/www.agrosemens.com\/blog\/wp-json\/wp\/v2\/categories?post=5194"},{"taxonomy":"post_tag","embeddable":true,"href":"https:\/\/www.agrosemens.com\/blog\/wp-json\/wp\/v2\/tags?post=5194"}],"curies":[{"name":"wp","href":"https:\/\/api.w.org\/{rel}","templated":true}]}}