{"id":4346,"date":"2018-05-22T15:29:41","date_gmt":"2018-05-22T13:29:41","guid":{"rendered":"http:\/\/agrosemens.com\/blog\/?p=4346"},"modified":"2018-07-04T09:49:42","modified_gmt":"2018-07-04T07:49:42","slug":"ferme-semenciere-du-petit-sambuc-3","status":"publish","type":"post","link":"https:\/\/www.agrosemens.com\/blog\/ferme-semenciere-du-petit-sambuc-3\/","title":{"rendered":"Ferme semenci\u00e8re bio du Petit Sambuc"},"content":{"rendered":"<p>&nbsp;<\/p>\n<p><strong>En direct de notre ferme semenci\u00e8re bio du Petit Sambuc aux Pinchinats, \u00e0 la sortie nord d\u2019Aix-en-Provence, d\u00e9di\u00e9e \u00e0 l\u2019\u00e9levage de semences 100% BIO de vari\u00e9t\u00e9s anciennes toutes reproductibles :<\/strong><\/p>\n<div style=\"margin-left: 30px; display: inline-block;\">\n<div style=\"width: 710px\" class=\"wp-caption alignnone\"><img loading=\"lazy\" class=\"aligncenter size-full wp-image-4388\" src=\"https:\/\/www.agrosemens.com\/blog\/wp-content\/uploads\/2018\/05\/avoine-1.jpg\" alt=\"avoine-1\" width=\"700\" height=\"357\" srcset=\"https:\/\/www.agrosemens.com\/blog\/wp-content\/uploads\/2018\/05\/avoine-1.jpg 700w, https:\/\/www.agrosemens.com\/blog\/wp-content\/uploads\/2018\/05\/avoine-1-300x153.jpg 300w\" sizes=\"(max-width: 700px) 100vw, 700px\" \/><p class=\"wp-caption-text\">Semis de printemps d&#8217;avoine<\/p><\/div>\n<div id=\"attachment_4390\" style=\"width: 710px\" class=\"wp-caption aligncenter\"><img aria-describedby=\"caption-attachment-4390\" loading=\"lazy\" class=\"wp-image-4390 size-full\" title=\"semis seigle Sarrasin bio - AGROSEMENS\" src=\"https:\/\/www.agrosemens.com\/blog\/wp-content\/uploads\/2018\/05\/seigleSarrasin-1.jpg\" alt=\" semis seigle Sarrasin bio - AGROSEMENS\" width=\"700\" height=\"357\" srcset=\"https:\/\/www.agrosemens.com\/blog\/wp-content\/uploads\/2018\/05\/seigleSarrasin-1.jpg 700w, https:\/\/www.agrosemens.com\/blog\/wp-content\/uploads\/2018\/05\/seigleSarrasin-1-300x153.jpg 300w\" sizes=\"(max-width: 700px) 100vw, 700px\" \/><p id=\"caption-attachment-4390\" class=\"wp-caption-text\">M\u00e9lange de seigle et de sarrasin.<br \/> A l&#8217;arri\u00e8re semis de pois d&#8217;hiver r\u00e9alis\u00e9 \u00e0 l&#8217;automne dernier.<\/p><\/div>\n<\/div>\n<div style=\"margin-left: 8%; display: inline-block;\">\n<div id=\"attachment_4360\" style=\"width: 310px\" class=\"wp-caption alignleft\"><img aria-describedby=\"caption-attachment-4360\" loading=\"lazy\" class=\"wp-image-4360 size-full\" title=\"ferme semenciere bio - AGROSEMENS\" src=\"https:\/\/www.agrosemens.com\/blog\/wp-content\/uploads\/2018\/05\/haie1.jpg\" alt=\"ferme semenciere bio - AGROSEMENS\" width=\"300\" height=\"387\" srcset=\"https:\/\/www.agrosemens.com\/blog\/wp-content\/uploads\/2018\/05\/haie1.jpg 300w, https:\/\/www.agrosemens.com\/blog\/wp-content\/uploads\/2018\/05\/haie1-233x300.jpg 233w\" sizes=\"(max-width: 300px) 100vw, 300px\" \/><p id=\"caption-attachment-4360\" class=\"wp-caption-text\">Haie brise-vent<\/p><\/div>\n<div id=\"attachment_4361\" style=\"width: 310px\" class=\"wp-caption alignleft\"><img aria-describedby=\"caption-attachment-4361\" loading=\"lazy\" class=\"wp-image-4361 size-full\" title=\"ferme semenciere bio - AGROSEMENS\" src=\"https:\/\/www.agrosemens.com\/blog\/wp-content\/uploads\/2018\/05\/haie2.jpg\" alt=\"ferme semenciere bio - AGROSEMENS\" width=\"300\" height=\"387\" srcset=\"https:\/\/www.agrosemens.com\/blog\/wp-content\/uploads\/2018\/05\/haie2.jpg 300w, https:\/\/www.agrosemens.com\/blog\/wp-content\/uploads\/2018\/05\/haie2-233x300.jpg 233w\" sizes=\"(max-width: 300px) 100vw, 300px\" \/><p id=\"caption-attachment-4361\" class=\"wp-caption-text\">Haie brise-vent<\/p><\/div>\n<\/div>\n<div id=\"attachment_4351\" style=\"width: 410px\" class=\"wp-caption aligncenter\"><img aria-describedby=\"caption-attachment-4351\" loading=\"lazy\" class=\"wp-image-4351 size-full\" title=\"Ferme semenci\u00e8re bio - AGROSEMENS\" src=\"https:\/\/www.agrosemens.com\/blog\/wp-content\/uploads\/2018\/05\/ferme-6.jpg\" alt=\"Ferme semenci\u00e8re bio - AGROSEMENS\" width=\"400\" height=\"516\" srcset=\"https:\/\/www.agrosemens.com\/blog\/wp-content\/uploads\/2018\/05\/ferme-6.jpg 400w, https:\/\/www.agrosemens.com\/blog\/wp-content\/uploads\/2018\/05\/ferme-6-233x300.jpg 233w\" sizes=\"(max-width: 400px) 100vw, 400px\" \/><p id=\"caption-attachment-4351\" class=\"wp-caption-text\">Notre premi\u00e8re r\u00e9colte de cultures de porte-graine sera la sauge officinale, vivace plant\u00e9e l&#8217;ann\u00e9e derni\u00e8re.<\/p><\/div>\n<div style=\"margin-left: 30px; display: inline-block;\">\n<div id=\"attachment_4347\" style=\"width: 710px\" class=\"wp-caption aligncenter\"><img aria-describedby=\"caption-attachment-4347\" loading=\"lazy\" class=\"wp-image-4347 size-full\" title=\"Ferme semenci\u00e8re bio - AGROSEMENS\" src=\"https:\/\/www.agrosemens.com\/blog\/wp-content\/uploads\/2018\/05\/ferme-1.jpg\" alt=\"Ferme semenci\u00e8re bio - AGROSEMENS\" width=\"700\" height=\"349\" srcset=\"https:\/\/www.agrosemens.com\/blog\/wp-content\/uploads\/2018\/05\/ferme-1.jpg 700w, https:\/\/www.agrosemens.com\/blog\/wp-content\/uploads\/2018\/05\/ferme-1-300x150.jpg 300w\" sizes=\"(max-width: 700px) 100vw, 700px\" \/><p id=\"caption-attachment-4347\" class=\"wp-caption-text\">Le massif de plantes m\u00e9diterran\u00e9ennes r\u00e9alis\u00e9 autour du puits.<\/p><\/div>\n<\/div>\n<div style=\"margin-left: 30px; display: inline-block;\">\n<div style=\"width: 710px\" class=\"wp-caption aligncenter\"><img loading=\"lazy\" class=\"wp-image-4357 size-full\" title=\"Verger - Ferme semenciere bio - AGROSEMENS\" src=\"https:\/\/www.agrosemens.com\/blog\/wp-content\/uploads\/2018\/05\/verger.jpg\" alt=\"Verger - Ferme semenciere bio - AGROSEMENS\" width=\"700\" height=\"374\" srcset=\"https:\/\/www.agrosemens.com\/blog\/wp-content\/uploads\/2018\/05\/verger.jpg 700w, https:\/\/www.agrosemens.com\/blog\/wp-content\/uploads\/2018\/05\/verger-300x160.jpg 300w\" sizes=\"(max-width: 700px) 100vw, 700px\" \/><p class=\"wp-caption-text\">Le verger plant\u00e9 en d\u00e9cembre.<\/p><\/div>\n<\/div>\n<div style=\"margin-left: 30px; display: inline-block;\">\n<div id=\"attachment_4358\" style=\"width: 710px\" class=\"wp-caption aligncenter\"><img aria-describedby=\"caption-attachment-4358\" loading=\"lazy\" class=\"wp-image-4358 size-full\" title=\"Verger - Ferme semenciere bio - AGROSEMENS\" src=\"https:\/\/www.agrosemens.com\/blog\/wp-content\/uploads\/2018\/05\/ferme-7.jpg\" alt=\"Ferme semenciere bio - AGROSEMENS\" width=\"700\" height=\"266\" srcset=\"https:\/\/www.agrosemens.com\/blog\/wp-content\/uploads\/2018\/05\/ferme-7.jpg 700w, https:\/\/www.agrosemens.com\/blog\/wp-content\/uploads\/2018\/05\/ferme-7-300x114.jpg 300w\" sizes=\"(max-width: 700px) 100vw, 700px\" \/><p id=\"caption-attachment-4358\" class=\"wp-caption-text\">Le mandala sem\u00e9 de f\u00e8ve et de petit pois.<\/p><\/div>\n<\/div>\n<div id=\"attachment_4356\" style=\"width: 410px\" class=\"wp-caption aligncenter\"><img aria-describedby=\"caption-attachment-4356\" loading=\"lazy\" class=\"wp-image-4356 size-full\" title=\"serre, ferme semenciere bio - AGROSEMENS\" src=\"https:\/\/www.agrosemens.com\/blog\/wp-content\/uploads\/2018\/05\/serre.jpg\" alt=\"serre, ferme semenciere bio - AGROSEMENS\" width=\"400\" height=\"516\" srcset=\"https:\/\/www.agrosemens.com\/blog\/wp-content\/uploads\/2018\/05\/serre.jpg 400w, https:\/\/www.agrosemens.com\/blog\/wp-content\/uploads\/2018\/05\/serre-233x300.jpg 233w\" sizes=\"(max-width: 400px) 100vw, 400px\" \/><p id=\"caption-attachment-4356\" class=\"wp-caption-text\">Chantier de r\u00e9alisation de SAS insect proof pour chacune de nos serres.<\/p><\/div>\n<p><img loading=\"lazy\" class=\"aligncenter size-full wp-image-200\" src=\"https:\/\/www.agrosemens.com\/blog\/wp-content\/uploads\/2015\/03\/agroseparator.jpg\" alt=\"agroseparator\" width=\"189\" height=\"60\" \/><\/p>\n<p>Toutes nos graines sont des semences 100% Bio.<br \/>\nQue suivant vos r\u00e9gions vous les appeliez grain, graine, semence ou semis, avec les graines de semences bio AGROSEMENS, semez la vie et la biodiversit\u00e9.<br \/>\nAinsi, vous ferez de vos champs des jardins de promesses et un jardin de vie.<\/p>\n<p>Retrouvez toutes les semences mara\u00eech\u00e8res bio AGROSEMENS sur notre boutique en ligne :\u00a0<a href=\"https:\/\/www.agrosemens.com\/\" target=\"_blank\">www.agrosemens.com<\/a><\/p>\n","protected":false},"excerpt":{"rendered":"<p>&nbsp; En direct de notre ferme semenci\u00e8re bio du Petit Sambuc aux Pinchinats, \u00e0 la sortie nord d\u2019Aix-en-Provence, d\u00e9di\u00e9e \u00e0 l\u2019\u00e9levage de semences 100% BIO de vari\u00e9t\u00e9s anciennes toutes reproductibles : Toutes nos graines sont des semences 100% Bio. Que suivant vos r\u00e9gions vous les appeliez grain, graine, semence ou semis, avec les graines de &#8230; <\/p>\n<p class=\"moree\"><a class=\"btn btn-inverse btn-normal btn-primary \" href=\"https:\/\/www.agrosemens.com\/blog\/ferme-semenciere-du-petit-sambuc-3\/\">Lire la suite<\/a><\/p>\n","protected":false},"author":1,"featured_media":4395,"comment_status":"open","ping_status":"open","sticky":false,"template":"","format":"standard","meta":[],"categories":[68,4],"tags":[43,67,8],"yoast_head":"<!-- This site is optimized with the Yoast SEO plugin v19.2 - https:\/\/yoast.com\/wordpress\/plugins\/seo\/ -->\n<title>Ferme semenci\u00e8re bio du Petit Sambuc - Agrosemens<\/title>\n<meta name=\"robots\" content=\"index, follow, max-snippet:-1, max-image-preview:large, max-video-preview:-1\" \/>\n<link rel=\"canonical\" href=\"https:\/\/www.agrosemens.com\/blog\/ferme-semenciere-du-petit-sambuc-3\/\" \/>\n<meta property=\"og:locale\" content=\"fr_FR\" \/>\n<meta property=\"og:type\" content=\"article\" \/>\n<meta property=\"og:title\" content=\"Ferme semenci\u00e8re bio du Petit Sambuc - Agrosemens\" \/>\n<meta property=\"og:description\" content=\"&nbsp; En direct de notre ferme semenci\u00e8re bio du Petit Sambuc aux Pinchinats, \u00e0 la sortie nord d\u2019Aix-en-Provence, d\u00e9di\u00e9e \u00e0 l\u2019\u00e9levage de semences 100% BIO de vari\u00e9t\u00e9s anciennes toutes reproductibles : Toutes nos graines sont des semences 100% Bio. Que suivant vos r\u00e9gions vous les appeliez grain, graine, semence ou semis, avec les graines de ... Lire la suite\" \/>\n<meta property=\"og:url\" content=\"https:\/\/www.agrosemens.com\/blog\/ferme-semenciere-du-petit-sambuc-3\/\" \/>\n<meta property=\"og:site_name\" content=\"Agrosemens\" \/>\n<meta property=\"article:publisher\" content=\"https:\/\/www.facebook.com\/agrosemens.semencesbio\" \/>\n<meta property=\"article:author\" content=\"https:\/\/www.facebook.com\/agrosemens.semencesbio\" \/>\n<meta property=\"article:published_time\" content=\"2018-05-22T13:29:41+00:00\" \/>\n<meta property=\"article:modified_time\" content=\"2018-07-04T07:49:42+00:00\" \/>\n<meta property=\"og:image\" content=\"https:\/\/www.agrosemens.com\/blog\/wp-content\/uploads\/2018\/05\/vergerAgrosemens.jpg\" \/>\n\t<meta property=\"og:image:width\" content=\"789\" \/>\n\t<meta property=\"og:image:height\" content=\"400\" \/>\n\t<meta property=\"og:image:type\" content=\"image\/jpeg\" \/>\n<meta name=\"author\" content=\"agrosemens\" \/>\n<meta name=\"twitter:card\" content=\"summary_large_image\" \/>\n<meta name=\"twitter:creator\" content=\"@AGROSEMENS\" \/>\n<meta name=\"twitter:site\" content=\"@AGROSEMENS\" \/>\n<meta name=\"twitter:label1\" content=\"\u00c9crit par\" \/>\n\t<meta name=\"twitter:data1\" content=\"agrosemens\" \/>\n\t<meta name=\"twitter:label2\" content=\"Dur\u00e9e de lecture estim\u00e9e\" \/>\n\t<meta name=\"twitter:data2\" content=\"1 minute\" \/>\n<script type=\"application\/ld+json\" class=\"yoast-schema-graph\">{\"@context\":\"https:\/\/schema.org\",\"@graph\":[{\"@type\":\"WebSite\",\"@id\":\"https:\/\/www.agrosemens.com\/blog\/#website\",\"url\":\"https:\/\/www.agrosemens.com\/blog\/\",\"name\":\"Agrosemens\",\"description\":\"\",\"potentialAction\":[{\"@type\":\"SearchAction\",\"target\":{\"@type\":\"EntryPoint\",\"urlTemplate\":\"https:\/\/www.agrosemens.com\/blog\/?s={search_term_string}\"},\"query-input\":\"required name=search_term_string\"}],\"inLanguage\":\"fr-FR\"},{\"@type\":\"ImageObject\",\"inLanguage\":\"fr-FR\",\"@id\":\"https:\/\/www.agrosemens.com\/blog\/ferme-semenciere-du-petit-sambuc-3\/#primaryimage\",\"url\":\"https:\/\/www.agrosemens.com\/blog\/wp-content\/uploads\/2018\/05\/vergerAgrosemens.jpg\",\"contentUrl\":\"https:\/\/www.agrosemens.com\/blog\/wp-content\/uploads\/2018\/05\/vergerAgrosemens.jpg\",\"width\":789,\"height\":400},{\"@type\":\"WebPage\",\"@id\":\"https:\/\/www.agrosemens.com\/blog\/ferme-semenciere-du-petit-sambuc-3\/#webpage\",\"url\":\"https:\/\/www.agrosemens.com\/blog\/ferme-semenciere-du-petit-sambuc-3\/\",\"name\":\"Ferme semenci\u00e8re bio du Petit Sambuc - Agrosemens\",\"isPartOf\":{\"@id\":\"https:\/\/www.agrosemens.com\/blog\/#website\"},\"primaryImageOfPage\":{\"@id\":\"https:\/\/www.agrosemens.com\/blog\/ferme-semenciere-du-petit-sambuc-3\/#primaryimage\"},\"datePublished\":\"2018-05-22T13:29:41+00:00\",\"dateModified\":\"2018-07-04T07:49:42+00:00\",\"author\":{\"@id\":\"https:\/\/www.agrosemens.com\/blog\/#\/schema\/person\/664e40d654d2410bde3127ef6b7dbcea\"},\"breadcrumb\":{\"@id\":\"https:\/\/www.agrosemens.com\/blog\/ferme-semenciere-du-petit-sambuc-3\/#breadcrumb\"},\"inLanguage\":\"fr-FR\",\"potentialAction\":[{\"@type\":\"ReadAction\",\"target\":[\"https:\/\/www.agrosemens.com\/blog\/ferme-semenciere-du-petit-sambuc-3\/\"]}]},{\"@type\":\"BreadcrumbList\",\"@id\":\"https:\/\/www.agrosemens.com\/blog\/ferme-semenciere-du-petit-sambuc-3\/#breadcrumb\",\"itemListElement\":[{\"@type\":\"ListItem\",\"position\":1,\"name\":\"Accueil\",\"item\":\"https:\/\/www.agrosemens.com\/blog\/\"},{\"@type\":\"ListItem\",\"position\":2,\"name\":\"Ferme semenci\u00e8re bio du Petit Sambuc\"}]},{\"@type\":\"Person\",\"@id\":\"https:\/\/www.agrosemens.com\/blog\/#\/schema\/person\/664e40d654d2410bde3127ef6b7dbcea\",\"name\":\"agrosemens\",\"image\":{\"@type\":\"ImageObject\",\"inLanguage\":\"fr-FR\",\"@id\":\"https:\/\/www.agrosemens.com\/blog\/#\/schema\/person\/image\/\",\"url\":\"https:\/\/secure.gravatar.com\/avatar\/30fd52c19db62ec94fd384b619f355bf?s=96&d=blank&r=g\",\"contentUrl\":\"https:\/\/secure.gravatar.com\/avatar\/30fd52c19db62ec94fd384b619f355bf?s=96&d=blank&r=g\",\"caption\":\"agrosemens\"},\"sameAs\":[\"https:\/\/www.facebook.com\/agrosemens.semencesbio\",\"https:\/\/twitter.com\/AGROSEMENS\"]}]}<\/script>\n<!-- \/ Yoast SEO plugin. -->","yoast_head_json":{"title":"Ferme semenci\u00e8re bio du Petit Sambuc - Agrosemens","robots":{"index":"index","follow":"follow","max-snippet":"max-snippet:-1","max-image-preview":"max-image-preview:large","max-video-preview":"max-video-preview:-1"},"canonical":"https:\/\/www.agrosemens.com\/blog\/ferme-semenciere-du-petit-sambuc-3\/","og_locale":"fr_FR","og_type":"article","og_title":"Ferme semenci\u00e8re bio du Petit Sambuc - Agrosemens","og_description":"&nbsp; En direct de notre ferme semenci\u00e8re bio du Petit Sambuc aux Pinchinats, \u00e0 la sortie nord d\u2019Aix-en-Provence, d\u00e9di\u00e9e \u00e0 l\u2019\u00e9levage de semences 100% BIO de vari\u00e9t\u00e9s anciennes toutes reproductibles : Toutes nos graines sont des semences 100% Bio. Que suivant vos r\u00e9gions vous les appeliez grain, graine, semence ou semis, avec les graines de ... Lire la suite","og_url":"https:\/\/www.agrosemens.com\/blog\/ferme-semenciere-du-petit-sambuc-3\/","og_site_name":"Agrosemens","article_publisher":"https:\/\/www.facebook.com\/agrosemens.semencesbio","article_author":"https:\/\/www.facebook.com\/agrosemens.semencesbio","article_published_time":"2018-05-22T13:29:41+00:00","article_modified_time":"2018-07-04T07:49:42+00:00","og_image":[{"width":789,"height":400,"url":"https:\/\/www.agrosemens.com\/blog\/wp-content\/uploads\/2018\/05\/vergerAgrosemens.jpg","type":"image\/jpeg"}],"author":"agrosemens","twitter_card":"summary_large_image","twitter_creator":"@AGROSEMENS","twitter_site":"@AGROSEMENS","twitter_misc":{"\u00c9crit par":"agrosemens","Dur\u00e9e de lecture estim\u00e9e":"1 minute"},"schema":{"@context":"https:\/\/schema.org","@graph":[{"@type":"WebSite","@id":"https:\/\/www.agrosemens.com\/blog\/#website","url":"https:\/\/www.agrosemens.com\/blog\/","name":"Agrosemens","description":"","potentialAction":[{"@type":"SearchAction","target":{"@type":"EntryPoint","urlTemplate":"https:\/\/www.agrosemens.com\/blog\/?s={search_term_string}"},"query-input":"required name=search_term_string"}],"inLanguage":"fr-FR"},{"@type":"ImageObject","inLanguage":"fr-FR","@id":"https:\/\/www.agrosemens.com\/blog\/ferme-semenciere-du-petit-sambuc-3\/#primaryimage","url":"https:\/\/www.agrosemens.com\/blog\/wp-content\/uploads\/2018\/05\/vergerAgrosemens.jpg","contentUrl":"https:\/\/www.agrosemens.com\/blog\/wp-content\/uploads\/2018\/05\/vergerAgrosemens.jpg","width":789,"height":400},{"@type":"WebPage","@id":"https:\/\/www.agrosemens.com\/blog\/ferme-semenciere-du-petit-sambuc-3\/#webpage","url":"https:\/\/www.agrosemens.com\/blog\/ferme-semenciere-du-petit-sambuc-3\/","name":"Ferme semenci\u00e8re bio du Petit Sambuc - Agrosemens","isPartOf":{"@id":"https:\/\/www.agrosemens.com\/blog\/#website"},"primaryImageOfPage":{"@id":"https:\/\/www.agrosemens.com\/blog\/ferme-semenciere-du-petit-sambuc-3\/#primaryimage"},"datePublished":"2018-05-22T13:29:41+00:00","dateModified":"2018-07-04T07:49:42+00:00","author":{"@id":"https:\/\/www.agrosemens.com\/blog\/#\/schema\/person\/664e40d654d2410bde3127ef6b7dbcea"},"breadcrumb":{"@id":"https:\/\/www.agrosemens.com\/blog\/ferme-semenciere-du-petit-sambuc-3\/#breadcrumb"},"inLanguage":"fr-FR","potentialAction":[{"@type":"ReadAction","target":["https:\/\/www.agrosemens.com\/blog\/ferme-semenciere-du-petit-sambuc-3\/"]}]},{"@type":"BreadcrumbList","@id":"https:\/\/www.agrosemens.com\/blog\/ferme-semenciere-du-petit-sambuc-3\/#breadcrumb","itemListElement":[{"@type":"ListItem","position":1,"name":"Accueil","item":"https:\/\/www.agrosemens.com\/blog\/"},{"@type":"ListItem","position":2,"name":"Ferme semenci\u00e8re bio du Petit Sambuc"}]},{"@type":"Person","@id":"https:\/\/www.agrosemens.com\/blog\/#\/schema\/person\/664e40d654d2410bde3127ef6b7dbcea","name":"agrosemens","image":{"@type":"ImageObject","inLanguage":"fr-FR","@id":"https:\/\/www.agrosemens.com\/blog\/#\/schema\/person\/image\/","url":"https:\/\/secure.gravatar.com\/avatar\/30fd52c19db62ec94fd384b619f355bf?s=96&d=blank&r=g","contentUrl":"https:\/\/secure.gravatar.com\/avatar\/30fd52c19db62ec94fd384b619f355bf?s=96&d=blank&r=g","caption":"agrosemens"},"sameAs":["https:\/\/www.facebook.com\/agrosemens.semencesbio","https:\/\/twitter.com\/AGROSEMENS"]}]}},"_links":{"self":[{"href":"https:\/\/www.agrosemens.com\/blog\/wp-json\/wp\/v2\/posts\/4346"}],"collection":[{"href":"https:\/\/www.agrosemens.com\/blog\/wp-json\/wp\/v2\/posts"}],"about":[{"href":"https:\/\/www.agrosemens.com\/blog\/wp-json\/wp\/v2\/types\/post"}],"author":[{"embeddable":true,"href":"https:\/\/www.agrosemens.com\/blog\/wp-json\/wp\/v2\/users\/1"}],"replies":[{"embeddable":true,"href":"https:\/\/www.agrosemens.com\/blog\/wp-json\/wp\/v2\/comments?post=4346"}],"version-history":[{"count":34,"href":"https:\/\/www.agrosemens.com\/blog\/wp-json\/wp\/v2\/posts\/4346\/revisions"}],"predecessor-version":[{"id":4472,"href":"https:\/\/www.agrosemens.com\/blog\/wp-json\/wp\/v2\/posts\/4346\/revisions\/4472"}],"wp:featuredmedia":[{"embeddable":true,"href":"https:\/\/www.agrosemens.com\/blog\/wp-json\/wp\/v2\/media\/4395"}],"wp:attachment":[{"href":"https:\/\/www.agrosemens.com\/blog\/wp-json\/wp\/v2\/media?parent=4346"}],"wp:term":[{"taxonomy":"category","embeddable":true,"href":"https:\/\/www.agrosemens.com\/blog\/wp-json\/wp\/v2\/categories?post=4346"},{"taxonomy":"post_tag","embeddable":true,"href":"https:\/\/www.agrosemens.com\/blog\/wp-json\/wp\/v2\/tags?post=4346"}],"curies":[{"name":"wp","href":"https:\/\/api.w.org\/{rel}","templated":true}]}}