{"id":4250,"date":"2018-03-05T11:28:25","date_gmt":"2018-03-05T10:28:25","guid":{"rendered":"http:\/\/agrosemens.com\/blog\/?p=4250"},"modified":"2018-03-05T11:28:25","modified_gmt":"2018-03-05T10:28:25","slug":"ferme-semenciere-du-petit-sambuc-2","status":"publish","type":"post","link":"https:\/\/www.agrosemens.com\/blog\/ferme-semenciere-du-petit-sambuc-2\/","title":{"rendered":"Ferme semenci\u00e8re du Petit Sambuc"},"content":{"rendered":"<p><strong>En direct de notre ferme semenci\u00e8re du Petit Sambuc aux Pinchinats, \u00e0 la sortie nord d\u2019Aix-en-Provence, d\u00e9di\u00e9e \u00e0 l\u2019\u00e9levage de semences 100% BIO de vari\u00e9t\u00e9s anciennes toutes reproductibles :<\/strong><\/p>\n<p><img loading=\"lazy\" class=\"aligncenter size-full wp-image-4253\" src=\"https:\/\/www.agrosemens.com\/blog\/wp-content\/uploads\/2018\/02\/ferme-3.jpg\" alt=\"ferme-3\" width=\"700\" height=\"324\" srcset=\"https:\/\/www.agrosemens.com\/blog\/wp-content\/uploads\/2018\/02\/ferme-3.jpg 700w, https:\/\/www.agrosemens.com\/blog\/wp-content\/uploads\/2018\/02\/ferme-3-300x139.jpg 300w\" sizes=\"(max-width: 700px) 100vw, 700px\" \/>Voici le verger mara\u00eecher, compos\u00e9 de sept rangs d\u2019arbres (quatre-vingt-trois arbres et sept esp\u00e8ces), sur lesquels nous exp\u00e9rimentons, avec l\u2019aide et les connaissances de Thierry DEBIERRE, l\u2019\u00e9lectroculture. Quarante-deux arbres b\u00e9n\u00e9ficient du \u00ab cercle de Lakhovsky \u00bb, fil de cuivre formant un cercle non ferm\u00e9 orient\u00e9 vers le nord. Le cercle agit sur le magn\u00e9tisme de la plante, ce qui la rend plus r\u00e9sistante aux maladies.<\/p>\n<div style=\"display: inline-block;\">\n<p><img loading=\"lazy\" class=\"alignleft size-full wp-image-4261\" src=\"https:\/\/www.agrosemens.com\/blog\/wp-content\/uploads\/2018\/02\/ferme-55.jpg\" alt=\"ferme-55\" width=\"400\" height=\"400\" srcset=\"https:\/\/www.agrosemens.com\/blog\/wp-content\/uploads\/2018\/02\/ferme-55.jpg 400w, https:\/\/www.agrosemens.com\/blog\/wp-content\/uploads\/2018\/02\/ferme-55-150x150.jpg 150w, https:\/\/www.agrosemens.com\/blog\/wp-content\/uploads\/2018\/02\/ferme-55-300x300.jpg 300w\" sizes=\"(max-width: 400px) 100vw, 400px\" \/><\/p>\n<p>&nbsp;<\/p>\n<p>Nous avons \u00e9galement mis en place une pyramide sur un arbre, mais les effets b\u00e9n\u00e9fiques des pyramides de cuivre sont plus connus pour leur action sur les semences. Plac\u00e9s sur ces derni\u00e8res elles am\u00e9liorent la germination et la vigueur des plantes \u00e0 venir.<br \/>\nNous ne manqueront pas de vous informer sur les r\u00e9sultats de ces exp\u00e9riences.<br \/>\nPour en savoir plus sur l\u2019\u00e9lectroculture :<\/p>\n<p>&#8211;\u00a0<a href=\"https:\/\/magazine.laruchequiditoui.fr\/lelectroculture-truc-dallumes\/\" target=\"_blank\">www.magazine.laruchequiditoui.fr<\/a><\/p>\n<p>&#8211;\u00a0<a href=\"http:\/\/www.magnetoculture.com\/magnetoculture\/Bienvenue.html\" target=\"_blank\">www.magnetoculture.com<\/a><\/p>\n<\/div>\n<p>&nbsp;<\/p>\n<p>L\u2019espace situ\u00e9 \u00e0 c\u00f4t\u00e9 du hangar a \u00e9t\u00e9 lib\u00e9r\u00e9. Un apport de terre a permis de cr\u00e9er du relief et un massif qui pourrait \u00eatre plant\u00e9 de trois cypr\u00e8s -signe symbolique de l\u2019accueil et du partage en Provence ou encore de la Sainte Trinit\u00e9, c\u2019est selon ou tout en m\u00eame temps- ainsi que de plantes m\u00e9diterran\u00e9ennes.<\/p>\n<p><img loading=\"lazy\" class=\"aligncenter size-full wp-image-4251\" src=\"https:\/\/www.agrosemens.com\/blog\/wp-content\/uploads\/2018\/02\/ferme-1.jpg\" alt=\"ferme-1\" width=\"700\" height=\"324\" srcset=\"https:\/\/www.agrosemens.com\/blog\/wp-content\/uploads\/2018\/02\/ferme-1.jpg 700w, https:\/\/www.agrosemens.com\/blog\/wp-content\/uploads\/2018\/02\/ferme-1-300x139.jpg 300w\" sizes=\"(max-width: 700px) 100vw, 700px\" \/><br \/>\nDe nombreux travaux ont \u00e9t\u00e9 avanc\u00e9s : les regards des planches permanentes sont tous termin\u00e9s, les peignes \u00e9galement sont pr\u00eats pour les huit jardins et leur mise en culture. Les montages pour l\u2019irrigation des arbres du verger sont aussi termin\u00e9s. Il restera \u00e0 r\u00e9aliser les regards \u00ab en dur \u00bb de la vanne principale et de la vanne de purge, au cours de la semaine prochaine.<br \/>\nEnsuite, nous allons rapidement mettre en place les d\u00e9codeurs et le programmateur g\u00e9n\u00e9ral.<\/p>\n<p>Photos : Copyright AGROSEMENS<\/p>\n","protected":false},"excerpt":{"rendered":"<p>En direct de notre ferme semenci\u00e8re du Petit Sambuc aux Pinchinats, \u00e0 la sortie nord d\u2019Aix-en-Provence, d\u00e9di\u00e9e \u00e0 l\u2019\u00e9levage de semences 100% BIO de vari\u00e9t\u00e9s anciennes toutes reproductibles : Voici le verger mara\u00eecher, compos\u00e9 de sept rangs d\u2019arbres (quatre-vingt-trois arbres et sept esp\u00e8ces), sur lesquels nous exp\u00e9rimentons, avec l\u2019aide et les connaissances de Thierry DEBIERRE, &#8230; <\/p>\n<p class=\"moree\"><a class=\"btn btn-inverse btn-normal btn-primary \" href=\"https:\/\/www.agrosemens.com\/blog\/ferme-semenciere-du-petit-sambuc-2\/\">Lire la suite<\/a><\/p>\n","protected":false},"author":1,"featured_media":4257,"comment_status":"open","ping_status":"open","sticky":false,"template":"","format":"standard","meta":[],"categories":[11,30],"tags":[43,26],"yoast_head":"<!-- This site is optimized with the Yoast SEO plugin v19.2 - https:\/\/yoast.com\/wordpress\/plugins\/seo\/ -->\n<title>Ferme semenci\u00e8re du Petit Sambuc - Agrosemens<\/title>\n<meta name=\"robots\" content=\"index, follow, max-snippet:-1, max-image-preview:large, max-video-preview:-1\" \/>\n<link rel=\"canonical\" href=\"https:\/\/www.agrosemens.com\/blog\/ferme-semenciere-du-petit-sambuc-2\/\" \/>\n<meta property=\"og:locale\" content=\"fr_FR\" \/>\n<meta property=\"og:type\" content=\"article\" \/>\n<meta property=\"og:title\" content=\"Ferme semenci\u00e8re du Petit Sambuc - Agrosemens\" \/>\n<meta property=\"og:description\" content=\"En direct de notre ferme semenci\u00e8re du Petit Sambuc aux Pinchinats, \u00e0 la sortie nord d\u2019Aix-en-Provence, d\u00e9di\u00e9e \u00e0 l\u2019\u00e9levage de semences 100% BIO de vari\u00e9t\u00e9s anciennes toutes reproductibles : Voici le verger mara\u00eecher, compos\u00e9 de sept rangs d\u2019arbres (quatre-vingt-trois arbres et sept esp\u00e8ces), sur lesquels nous exp\u00e9rimentons, avec l\u2019aide et les connaissances de Thierry DEBIERRE, ... Lire la suite\" \/>\n<meta property=\"og:url\" content=\"https:\/\/www.agrosemens.com\/blog\/ferme-semenciere-du-petit-sambuc-2\/\" \/>\n<meta property=\"og:site_name\" content=\"Agrosemens\" \/>\n<meta property=\"article:publisher\" content=\"https:\/\/www.facebook.com\/agrosemens.semencesbio\" \/>\n<meta property=\"article:author\" content=\"https:\/\/www.facebook.com\/agrosemens.semencesbio\" \/>\n<meta property=\"article:published_time\" content=\"2018-03-05T10:28:25+00:00\" \/>\n<meta property=\"og:image\" content=\"https:\/\/www.agrosemens.com\/blog\/wp-content\/uploads\/2018\/02\/ferme.jpg\" \/>\n\t<meta property=\"og:image:width\" content=\"789\" \/>\n\t<meta property=\"og:image:height\" content=\"400\" \/>\n\t<meta property=\"og:image:type\" content=\"image\/jpeg\" \/>\n<meta name=\"author\" content=\"agrosemens\" \/>\n<meta name=\"twitter:card\" content=\"summary_large_image\" \/>\n<meta name=\"twitter:creator\" content=\"@AGROSEMENS\" \/>\n<meta name=\"twitter:site\" content=\"@AGROSEMENS\" \/>\n<meta name=\"twitter:label1\" content=\"\u00c9crit par\" \/>\n\t<meta name=\"twitter:data1\" content=\"agrosemens\" \/>\n\t<meta name=\"twitter:label2\" content=\"Dur\u00e9e de lecture estim\u00e9e\" \/>\n\t<meta name=\"twitter:data2\" content=\"2 minutes\" \/>\n<script type=\"application\/ld+json\" class=\"yoast-schema-graph\">{\"@context\":\"https:\/\/schema.org\",\"@graph\":[{\"@type\":\"WebSite\",\"@id\":\"https:\/\/www.agrosemens.com\/blog\/#website\",\"url\":\"https:\/\/www.agrosemens.com\/blog\/\",\"name\":\"Agrosemens\",\"description\":\"\",\"potentialAction\":[{\"@type\":\"SearchAction\",\"target\":{\"@type\":\"EntryPoint\",\"urlTemplate\":\"https:\/\/www.agrosemens.com\/blog\/?s={search_term_string}\"},\"query-input\":\"required name=search_term_string\"}],\"inLanguage\":\"fr-FR\"},{\"@type\":\"ImageObject\",\"inLanguage\":\"fr-FR\",\"@id\":\"https:\/\/www.agrosemens.com\/blog\/ferme-semenciere-du-petit-sambuc-2\/#primaryimage\",\"url\":\"https:\/\/www.agrosemens.com\/blog\/wp-content\/uploads\/2018\/02\/ferme.jpg\",\"contentUrl\":\"https:\/\/www.agrosemens.com\/blog\/wp-content\/uploads\/2018\/02\/ferme.jpg\",\"width\":789,\"height\":400},{\"@type\":\"WebPage\",\"@id\":\"https:\/\/www.agrosemens.com\/blog\/ferme-semenciere-du-petit-sambuc-2\/#webpage\",\"url\":\"https:\/\/www.agrosemens.com\/blog\/ferme-semenciere-du-petit-sambuc-2\/\",\"name\":\"Ferme semenci\u00e8re du Petit Sambuc - Agrosemens\",\"isPartOf\":{\"@id\":\"https:\/\/www.agrosemens.com\/blog\/#website\"},\"primaryImageOfPage\":{\"@id\":\"https:\/\/www.agrosemens.com\/blog\/ferme-semenciere-du-petit-sambuc-2\/#primaryimage\"},\"datePublished\":\"2018-03-05T10:28:25+00:00\",\"dateModified\":\"2018-03-05T10:28:25+00:00\",\"author\":{\"@id\":\"https:\/\/www.agrosemens.com\/blog\/#\/schema\/person\/664e40d654d2410bde3127ef6b7dbcea\"},\"breadcrumb\":{\"@id\":\"https:\/\/www.agrosemens.com\/blog\/ferme-semenciere-du-petit-sambuc-2\/#breadcrumb\"},\"inLanguage\":\"fr-FR\",\"potentialAction\":[{\"@type\":\"ReadAction\",\"target\":[\"https:\/\/www.agrosemens.com\/blog\/ferme-semenciere-du-petit-sambuc-2\/\"]}]},{\"@type\":\"BreadcrumbList\",\"@id\":\"https:\/\/www.agrosemens.com\/blog\/ferme-semenciere-du-petit-sambuc-2\/#breadcrumb\",\"itemListElement\":[{\"@type\":\"ListItem\",\"position\":1,\"name\":\"Accueil\",\"item\":\"https:\/\/www.agrosemens.com\/blog\/\"},{\"@type\":\"ListItem\",\"position\":2,\"name\":\"Ferme semenci\u00e8re du Petit Sambuc\"}]},{\"@type\":\"Person\",\"@id\":\"https:\/\/www.agrosemens.com\/blog\/#\/schema\/person\/664e40d654d2410bde3127ef6b7dbcea\",\"name\":\"agrosemens\",\"image\":{\"@type\":\"ImageObject\",\"inLanguage\":\"fr-FR\",\"@id\":\"https:\/\/www.agrosemens.com\/blog\/#\/schema\/person\/image\/\",\"url\":\"https:\/\/secure.gravatar.com\/avatar\/30fd52c19db62ec94fd384b619f355bf?s=96&d=blank&r=g\",\"contentUrl\":\"https:\/\/secure.gravatar.com\/avatar\/30fd52c19db62ec94fd384b619f355bf?s=96&d=blank&r=g\",\"caption\":\"agrosemens\"},\"sameAs\":[\"https:\/\/www.facebook.com\/agrosemens.semencesbio\",\"https:\/\/twitter.com\/AGROSEMENS\"]}]}<\/script>\n<!-- \/ Yoast SEO plugin. -->","yoast_head_json":{"title":"Ferme semenci\u00e8re du Petit Sambuc - Agrosemens","robots":{"index":"index","follow":"follow","max-snippet":"max-snippet:-1","max-image-preview":"max-image-preview:large","max-video-preview":"max-video-preview:-1"},"canonical":"https:\/\/www.agrosemens.com\/blog\/ferme-semenciere-du-petit-sambuc-2\/","og_locale":"fr_FR","og_type":"article","og_title":"Ferme semenci\u00e8re du Petit Sambuc - Agrosemens","og_description":"En direct de notre ferme semenci\u00e8re du Petit Sambuc aux Pinchinats, \u00e0 la sortie nord d\u2019Aix-en-Provence, d\u00e9di\u00e9e \u00e0 l\u2019\u00e9levage de semences 100% BIO de vari\u00e9t\u00e9s anciennes toutes reproductibles : Voici le verger mara\u00eecher, compos\u00e9 de sept rangs d\u2019arbres (quatre-vingt-trois arbres et sept esp\u00e8ces), sur lesquels nous exp\u00e9rimentons, avec l\u2019aide et les connaissances de Thierry DEBIERRE, ... Lire la suite","og_url":"https:\/\/www.agrosemens.com\/blog\/ferme-semenciere-du-petit-sambuc-2\/","og_site_name":"Agrosemens","article_publisher":"https:\/\/www.facebook.com\/agrosemens.semencesbio","article_author":"https:\/\/www.facebook.com\/agrosemens.semencesbio","article_published_time":"2018-03-05T10:28:25+00:00","og_image":[{"width":789,"height":400,"url":"https:\/\/www.agrosemens.com\/blog\/wp-content\/uploads\/2018\/02\/ferme.jpg","type":"image\/jpeg"}],"author":"agrosemens","twitter_card":"summary_large_image","twitter_creator":"@AGROSEMENS","twitter_site":"@AGROSEMENS","twitter_misc":{"\u00c9crit par":"agrosemens","Dur\u00e9e de lecture estim\u00e9e":"2 minutes"},"schema":{"@context":"https:\/\/schema.org","@graph":[{"@type":"WebSite","@id":"https:\/\/www.agrosemens.com\/blog\/#website","url":"https:\/\/www.agrosemens.com\/blog\/","name":"Agrosemens","description":"","potentialAction":[{"@type":"SearchAction","target":{"@type":"EntryPoint","urlTemplate":"https:\/\/www.agrosemens.com\/blog\/?s={search_term_string}"},"query-input":"required name=search_term_string"}],"inLanguage":"fr-FR"},{"@type":"ImageObject","inLanguage":"fr-FR","@id":"https:\/\/www.agrosemens.com\/blog\/ferme-semenciere-du-petit-sambuc-2\/#primaryimage","url":"https:\/\/www.agrosemens.com\/blog\/wp-content\/uploads\/2018\/02\/ferme.jpg","contentUrl":"https:\/\/www.agrosemens.com\/blog\/wp-content\/uploads\/2018\/02\/ferme.jpg","width":789,"height":400},{"@type":"WebPage","@id":"https:\/\/www.agrosemens.com\/blog\/ferme-semenciere-du-petit-sambuc-2\/#webpage","url":"https:\/\/www.agrosemens.com\/blog\/ferme-semenciere-du-petit-sambuc-2\/","name":"Ferme semenci\u00e8re du Petit Sambuc - Agrosemens","isPartOf":{"@id":"https:\/\/www.agrosemens.com\/blog\/#website"},"primaryImageOfPage":{"@id":"https:\/\/www.agrosemens.com\/blog\/ferme-semenciere-du-petit-sambuc-2\/#primaryimage"},"datePublished":"2018-03-05T10:28:25+00:00","dateModified":"2018-03-05T10:28:25+00:00","author":{"@id":"https:\/\/www.agrosemens.com\/blog\/#\/schema\/person\/664e40d654d2410bde3127ef6b7dbcea"},"breadcrumb":{"@id":"https:\/\/www.agrosemens.com\/blog\/ferme-semenciere-du-petit-sambuc-2\/#breadcrumb"},"inLanguage":"fr-FR","potentialAction":[{"@type":"ReadAction","target":["https:\/\/www.agrosemens.com\/blog\/ferme-semenciere-du-petit-sambuc-2\/"]}]},{"@type":"BreadcrumbList","@id":"https:\/\/www.agrosemens.com\/blog\/ferme-semenciere-du-petit-sambuc-2\/#breadcrumb","itemListElement":[{"@type":"ListItem","position":1,"name":"Accueil","item":"https:\/\/www.agrosemens.com\/blog\/"},{"@type":"ListItem","position":2,"name":"Ferme semenci\u00e8re du Petit Sambuc"}]},{"@type":"Person","@id":"https:\/\/www.agrosemens.com\/blog\/#\/schema\/person\/664e40d654d2410bde3127ef6b7dbcea","name":"agrosemens","image":{"@type":"ImageObject","inLanguage":"fr-FR","@id":"https:\/\/www.agrosemens.com\/blog\/#\/schema\/person\/image\/","url":"https:\/\/secure.gravatar.com\/avatar\/30fd52c19db62ec94fd384b619f355bf?s=96&d=blank&r=g","contentUrl":"https:\/\/secure.gravatar.com\/avatar\/30fd52c19db62ec94fd384b619f355bf?s=96&d=blank&r=g","caption":"agrosemens"},"sameAs":["https:\/\/www.facebook.com\/agrosemens.semencesbio","https:\/\/twitter.com\/AGROSEMENS"]}]}},"_links":{"self":[{"href":"https:\/\/www.agrosemens.com\/blog\/wp-json\/wp\/v2\/posts\/4250"}],"collection":[{"href":"https:\/\/www.agrosemens.com\/blog\/wp-json\/wp\/v2\/posts"}],"about":[{"href":"https:\/\/www.agrosemens.com\/blog\/wp-json\/wp\/v2\/types\/post"}],"author":[{"embeddable":true,"href":"https:\/\/www.agrosemens.com\/blog\/wp-json\/wp\/v2\/users\/1"}],"replies":[{"embeddable":true,"href":"https:\/\/www.agrosemens.com\/blog\/wp-json\/wp\/v2\/comments?post=4250"}],"version-history":[{"count":14,"href":"https:\/\/www.agrosemens.com\/blog\/wp-json\/wp\/v2\/posts\/4250\/revisions"}],"predecessor-version":[{"id":4274,"href":"https:\/\/www.agrosemens.com\/blog\/wp-json\/wp\/v2\/posts\/4250\/revisions\/4274"}],"wp:featuredmedia":[{"embeddable":true,"href":"https:\/\/www.agrosemens.com\/blog\/wp-json\/wp\/v2\/media\/4257"}],"wp:attachment":[{"href":"https:\/\/www.agrosemens.com\/blog\/wp-json\/wp\/v2\/media?parent=4250"}],"wp:term":[{"taxonomy":"category","embeddable":true,"href":"https:\/\/www.agrosemens.com\/blog\/wp-json\/wp\/v2\/categories?post=4250"},{"taxonomy":"post_tag","embeddable":true,"href":"https:\/\/www.agrosemens.com\/blog\/wp-json\/wp\/v2\/tags?post=4250"}],"curies":[{"name":"wp","href":"https:\/\/api.w.org\/{rel}","templated":true}]}}