{"id":2279,"date":"2016-10-11T11:29:51","date_gmt":"2016-10-11T09:29:51","guid":{"rendered":"http:\/\/agrosemens.com\/blog\/?p=2279"},"modified":"2016-10-04T12:50:15","modified_gmt":"2016-10-04T10:50:15","slug":"maches-bio-pratique-culturale","status":"publish","type":"post","link":"https:\/\/www.agrosemens.com\/blog\/maches-bio-pratique-culturale\/","title":{"rendered":"M\u00e2ches Bio, Pratique Culturale"},"content":{"rendered":"<p>&nbsp;<\/p>\n<h1>M\u00e2ches\u00a0bio, guide de culture<br \/>\n<img loading=\"lazy\" class=\"aligncenter wp-image-2280 size-full\" title=\"m\u00e2che Bio, guide de culture semences bio, agrosemens\" src=\"https:\/\/www.agrosemens.com\/blog\/wp-content\/uploads\/2015\/09\/macheBio.jpg\" alt=\"m\u00e2ches Bio, guide de culture semences bio, agrosemens\" width=\"775\" height=\"200\" srcset=\"https:\/\/www.agrosemens.com\/blog\/wp-content\/uploads\/2015\/09\/macheBio.jpg 775w, https:\/\/www.agrosemens.com\/blog\/wp-content\/uploads\/2015\/09\/macheBio-300x77.jpg 300w\" sizes=\"(max-width: 775px) 100vw, 775px\" \/><\/h1>\n<p><strong>Une des cultures les plus faciles<\/strong>, pour un l\u00e9gume-feuille savoureux et d\u00e9licat, riche en vitamines, sels min\u00e9raux et en fer.<br \/>\nAfin d\u2019obtenir une culture homog\u00e8ne et de gagner en p\u00e9nibilit\u00e9 lors des d\u00e9sherbages, <strong>nous vous recommandons un semis en motte.\u00a0<\/strong>Enterrer la graine \u00e0 1,5 cm de profondeur dans de la terre fine.\u00a0<strong>Ne pas semer trop dense et ombrer jusqu\u2019\u00e0 la lev\u00e9e.<\/strong> Arroser r\u00e9guli\u00e8rement et sarcler.<\/p>\n<p>Semis de janvier \u00e0 d\u00e9cembre. Du semis \u00e0 l\u2019obtention du plant, il faut de 3 \u00e0 8 semaines.<\/p>\n<p><strong>Maladies et ravageurs principaux :<\/strong> O\u00efdium, botrytis, mildiou, fonte des semis, bact\u00e9riose, taupin, mouche, noctuelle, puceron&#8230;<br \/>\n<img loading=\"lazy\" class=\"aligncenter size-full wp-image-200\" src=\"https:\/\/www.agrosemens.com\/blog\/wp-content\/uploads\/2015\/03\/agroseparator.jpg\" alt=\"Agrosemens, semences bio pour maraicher bio\" width=\"189\" height=\"60\" \/><\/p>\n<h1>Pratique culturale<\/h1>\n<p><strong>Lev\u00e9e :<\/strong> en 7-15 j en sol \u00e0 18 \u00b0C (optimum \u00e0 20\u00b0C). Les temp\u00e9ratures \u00e9lev\u00e9es freinent la germination. Les m\u00e2ches r\u00e9sistent en g\u00e9n\u00e9ral jusqu&#8217;\u00e0 -10\u00b0C.<\/p>\n<p><strong>Quantit\u00e9 de semences :<\/strong> Grosse graine : 11 kg\/ha. Petite graine : 9 kg\/ha.<\/p>\n<p><strong>Nombre de graines\/g :<\/strong> 900 pour la petite graine, et 550 pour la grosse graine.<\/p>\n<p><strong>Semis<\/strong> en motte de 4&#215;4, 4 \u00e0 6 graines\/motte pour obtenir 3 \u00e0 4 rosettes\/motte.<\/p>\n<p><strong>Densit\u00e9 de plantation :<\/strong><\/p>\n<p>&#8211; Plein champ : 40 mottes\/m\u00b2 de 10 \u00e0 16 cm sur le rang et de 20 \u00e0 30 cm entre rang.<\/p>\n<p>&#8211; Sous abri : 70 mottes\/m\u00b2 de 10 \u00e0 16 cm en tous sens. Les densit\u00e9s trop fortes induisent un jaunissement des feuilles de la base.<\/p>\n<p>&#8211; Semis direct : 5X25 cm. (20 plants\/m\u00e8tre lin\u00e9aire).<\/p>\n<p><strong>Dates de semis et de r\u00e9colte :<\/strong><\/p>\n<p>&#8211; En plein champ :<\/p>\n<p style=\"padding-left: 30px;\">\u2022 Semis : ao\u00fbt<\/p>\n<p style=\"padding-left: 30px;\">\u2022 R\u00e9colte : 45 j. apr\u00e8s<\/p>\n<p>&#8211; Sous abri :<\/p>\n<p style=\"padding-left: 30px;\">\u2022 Semis : septembre.<\/p>\n<p style=\"padding-left: 30px;\">R\u00e9colte : mi-automne<\/p>\n<p style=\"padding-left: 30px;\">\u2022 Semis : octobre.<\/p>\n<p style=\"padding-left: 30px;\">R\u00e9colte : printemps<\/p>\n<p><strong>Exportation NPK :<\/strong> N : 30 U, P : 15 U, K : 50 U\/ha.<\/p>\n<p>La fertilisation n&#8217;est pas indispensable, les reliquats de la culture d&#8217;\u00e9t\u00e9 sont g\u00e9n\u00e9ralement suffisant. En cas de d\u00e9ficit apport d&#8217;un engrais organique \u00e0 min\u00e9ralisation rapide.<\/p>\n<p><strong>R\u00e9colte<\/strong> environ 5 \u00e0 7 semaines apr\u00e8s plantation.<\/p>\n<p><strong>Rendement :<\/strong> 1 kg\/m\u00b2 sous abri et de 0,6 \u00e0 1 kg\/m\u00b2 en plein champ.<br \/>\n<img loading=\"lazy\" class=\"aligncenter size-full wp-image-200\" src=\"https:\/\/www.agrosemens.com\/blog\/wp-content\/uploads\/2015\/03\/agroseparator.jpg\" alt=\"Agrosemens, semences bio pour maraicher bio\" width=\"189\" height=\"60\" \/><\/p>\n<h1>Bonnes associations<\/h1>\n<div style=\"margin-left: 30px;\">\n<div id=\"attachment_2219\" style=\"width: 160px\" class=\"wp-caption alignleft\"><a href=\"https:\/\/www.agrosemens.com\/103-jardin-graine-bio-dete-et-dautomne\" target=\"_blank\"><img aria-describedby=\"caption-attachment-2219\" loading=\"lazy\" class=\"wp-image-2219 size-full\" title=\"poireau bio, semences\" src=\"https:\/\/www.agrosemens.com\/blog\/wp-content\/uploads\/2015\/09\/POI14-POIREAU-Tadorna-RVB.jpg\" alt=\"poireau bio, semences \" width=\"150\" height=\"150\" \/><\/a><p id=\"caption-attachment-2219\" class=\"wp-caption-text\">Poireau<\/p><\/div>\n<div id=\"attachment_933\" style=\"width: 160px\" class=\"wp-caption alignleft\"><a href=\"https:\/\/www.agrosemens.com\/31-jardin-graine-bio-Jeunes-Pousses\" target=\"_blank\"><img aria-describedby=\"caption-attachment-933\" loading=\"lazy\" class=\"wp-image-933 size-full\" title=\"Jeunes pousses bio, graines bio, agrosemens\" src=\"https:\/\/www.agrosemens.com\/blog\/wp-content\/uploads\/2015\/05\/cretois.jpg\" alt=\"Jeunes pousses bio, graines bio, agrosemens\" width=\"150\" height=\"150\" \/><\/a><p id=\"caption-attachment-933\" class=\"wp-caption-text\">Jeunes pousses<\/p><\/div>\n<div id=\"attachment_2244\" style=\"width: 160px\" class=\"wp-caption alignleft\"><a href=\"https:\/\/www.agrosemens.com\/197-ail\" target=\"_blank\"><img aria-describedby=\"caption-attachment-2244\" loading=\"lazy\" class=\"wp-image-2244 size-full\" title=\"ail bio, semences agrosemens\" src=\"https:\/\/www.agrosemens.com\/blog\/wp-content\/uploads\/2015\/09\/ail.jpg\" alt=\"ail bio, semences agrosemens\" width=\"150\" height=\"150\" \/><\/a><p id=\"caption-attachment-2244\" class=\"wp-caption-text\">Ail<\/p><\/div>\n<div id=\"attachment_1776\" style=\"width: 160px\" class=\"wp-caption alignleft\"><a href=\"https:\/\/www.agrosemens.com\/49-jardin-graine-bio-Radis\" target=\"_blank\"><img aria-describedby=\"caption-attachment-1776\" loading=\"lazy\" class=\"wp-image-1776 size-full\" title=\"radis bio, graines agrosemens\" src=\"https:\/\/www.agrosemens.com\/blog\/wp-content\/uploads\/2015\/07\/RAD12.jpg\" alt=\"radis bio, graines agrosemens\" width=\"150\" height=\"150\" \/><\/a><p id=\"caption-attachment-1776\" class=\"wp-caption-text\">Radis<\/p><\/div>\n<div id=\"attachment_1405\" style=\"width: 160px\" class=\"wp-caption alignleft\"><a href=\"https:\/\/www.agrosemens.com\/29-jardin-graine-bio-Haricot\" target=\"_blank\"><img aria-describedby=\"caption-attachment-1405\" loading=\"lazy\" class=\"wp-image-1405 size-full\" title=\"Haricot bio, semences bio agrosemens\" src=\"https:\/\/www.agrosemens.com\/blog\/wp-content\/uploads\/2015\/06\/HAR40.jpg\" alt=\"Haricot bio, semences bio agrosemens\" width=\"150\" height=\"150\" \/><\/a><p id=\"caption-attachment-1405\" class=\"wp-caption-text\">Haricot<\/p><\/div>\n<div id=\"attachment_772\" style=\"width: 160px\" class=\"wp-caption alignleft\"><a href=\"https:\/\/www.agrosemens.com\/45-jardin-graine-bio-Pois\" target=\"_blank\"><img aria-describedby=\"caption-attachment-772\" loading=\"lazy\" class=\"wp-image-772 size-full\" title=\"pois bio-agrosemens\" src=\"https:\/\/www.agrosemens.com\/blog\/wp-content\/uploads\/2015\/04\/pois-agrosemens.jpg\" alt=\"pois bio-agrosemens\" width=\"150\" height=\"150\" \/><\/a><p id=\"caption-attachment-772\" class=\"wp-caption-text\">Pois<\/p><\/div>\n<div id=\"attachment_2282\" style=\"width: 160px\" class=\"wp-caption alignleft\"><a href=\"https:\/\/www.agrosemens.com\/54-jardin-graine-bio-Aromatique-Basilic\" target=\"_blank\"><img aria-describedby=\"caption-attachment-2282\" loading=\"lazy\" class=\"wp-image-2282 size-full\" title=\"Aromatiques-Basilique bio, semences bio agrosemens\" src=\"https:\/\/www.agrosemens.com\/blog\/wp-content\/uploads\/2015\/09\/Aromatiques-Basiliques.jpg\" alt=\"Aromatiques-Basilique bio, semences bio agrosemens\" width=\"150\" height=\"150\" \/><\/a><p id=\"caption-attachment-2282\" class=\"wp-caption-text\">Basilic<\/p><\/div>\n<\/div>\n<p>&nbsp;<\/p>\n<p>&nbsp;<\/p>\n<p>&nbsp;<\/p>\n<p>&nbsp;<\/p>\n<p>&nbsp;<\/p>\n<p>&nbsp;<\/p>\n<p><img loading=\"lazy\" class=\"aligncenter size-full wp-image-200\" src=\"https:\/\/www.agrosemens.com\/blog\/wp-content\/uploads\/2015\/03\/agroseparator.jpg\" alt=\"Agrosemens, semences bio pour maraicher bio\" width=\"189\" height=\"60\" \/><\/p>\n<h1>Mauvaises associations<\/h1>\n<div style=\"margin-left: 30px;\">\n<div id=\"attachment_2169\" style=\"width: 160px\" class=\"wp-caption alignleft\"><a href=\"https:\/\/www.agrosemens.com\/24-jardin-graine-bio-Epinard\" target=\"_blank\"><img aria-describedby=\"caption-attachment-2169\" loading=\"lazy\" class=\"wp-image-2169 size-full\" title=\"Epinard bio, graines agrosemens\" src=\"https:\/\/www.agrosemens.com\/blog\/wp-content\/uploads\/2015\/09\/EPI09-EPINARD-Regiment.jpg\" alt=\"Epinard bio, graines agrosemens\" width=\"150\" height=\"150\" \/><\/a><p id=\"caption-attachment-2169\" class=\"wp-caption-text\">Epinard<\/p><\/div>\n<div id=\"attachment_1969\" style=\"width: 160px\" class=\"wp-caption alignleft\"><a href=\"https:\/\/www.agrosemens.com\/32-jardin-graine-bio-Laitue\" target=\"_blank\"><img aria-describedby=\"caption-attachment-1969\" loading=\"lazy\" class=\"wp-image-1969 size-full\" title=\"Laitue bio, graines agrosemens\" src=\"https:\/\/www.agrosemens.com\/blog\/wp-content\/uploads\/2015\/08\/LAI23.jpg\" alt=\"Laitue bio, graines agrosemens\" width=\"150\" height=\"150\" \/><\/a><p id=\"caption-attachment-1969\" class=\"wp-caption-text\">Laitue<\/p><\/div>\n<div id=\"attachment_785\" style=\"width: 160px\" class=\"wp-caption alignleft\"><a href=\"https:\/\/www.agrosemens.com\/15-jardin-graine-bio-Choux\" target=\"_blank\"><img aria-describedby=\"caption-attachment-785\" loading=\"lazy\" class=\"wp-image-785 size-full\" title=\"chou bio, graines Agrosemens\" src=\"https:\/\/www.agrosemens.com\/blog\/wp-content\/uploads\/2015\/04\/CHOU-Fleur-Balboa-F1-Agrosemens.jpg\" alt=\"chou bio, graines Agrosemens\" width=\"150\" height=\"150\" \/><\/a><p id=\"caption-attachment-785\" class=\"wp-caption-text\">Chou<\/p><\/div>\n<\/div>\n<p>&nbsp;<\/p>\n<p>&nbsp;<\/p>\n<p>&nbsp;<\/p>\n<p>&nbsp;<\/p>\n<p>&nbsp;<\/p>\n<p>&nbsp;<\/p>\n<p><img loading=\"lazy\" class=\"aligncenter size-full wp-image-200\" src=\"https:\/\/www.agrosemens.com\/blog\/wp-content\/uploads\/2015\/03\/agroseparator.jpg\" alt=\"Agrosemens, semences bio pour maraicher bio\" width=\"189\" height=\"60\" \/><br \/>\nToutes nos graines sont des semences 100% Bio.<br \/>\nQue suivant vos r\u00e9gions vous les appeliez grain, graine, semence ou semis, avec les graines de semences bio AGROSEMENS, semez la vie et la biodiversit\u00e9.<br \/>\nAinsi, vous ferez de vos champs des jardins de promesses et un jardin de vie.<\/p>\n","protected":false},"excerpt":{"rendered":"<p>&nbsp; M\u00e2ches\u00a0bio, guide de culture Une des cultures les plus faciles, pour un l\u00e9gume-feuille savoureux et d\u00e9licat, riche en vitamines, sels min\u00e9raux et en fer. Afin d\u2019obtenir une culture homog\u00e8ne et de gagner en p\u00e9nibilit\u00e9 lors des d\u00e9sherbages, nous vous recommandons un semis en motte.\u00a0Enterrer la graine \u00e0 1,5 cm de profondeur dans de la &#8230; <\/p>\n<p class=\"moree\"><a class=\"btn btn-inverse btn-normal btn-primary \" href=\"https:\/\/www.agrosemens.com\/blog\/maches-bio-pratique-culturale\/\">Lire la suite<\/a><\/p>\n","protected":false},"author":1,"featured_media":2288,"comment_status":"open","ping_status":"open","sticky":false,"template":"","format":"standard","meta":[],"categories":[13,16],"tags":[43,34,8],"yoast_head":"<!-- This site is optimized with the Yoast SEO plugin v19.2 - https:\/\/yoast.com\/wordpress\/plugins\/seo\/ -->\n<title>M\u00e2ches Bio, Pratique Culturale<\/title>\n<meta name=\"description\" content=\"M\u00e2ches Bio, tous nos conseils pour cultiver la m\u00e2che bio. Toutes nos graines sont des semences 100% Bio.\" \/>\n<meta name=\"robots\" content=\"index, follow, max-snippet:-1, max-image-preview:large, max-video-preview:-1\" \/>\n<link rel=\"canonical\" href=\"https:\/\/www.agrosemens.com\/blog\/maches-bio-pratique-culturale\/\" \/>\n<meta property=\"og:locale\" content=\"fr_FR\" \/>\n<meta property=\"og:type\" content=\"article\" \/>\n<meta property=\"og:title\" content=\"M\u00e2ches Bio, Pratique Culturale\" \/>\n<meta property=\"og:description\" content=\"M\u00e2ches Bio, tous nos conseils pour cultiver la m\u00e2che bio. Toutes nos graines sont des semences 100% Bio.\" \/>\n<meta property=\"og:url\" content=\"https:\/\/www.agrosemens.com\/blog\/maches-bio-pratique-culturale\/\" \/>\n<meta property=\"og:site_name\" content=\"Agrosemens\" \/>\n<meta property=\"article:publisher\" content=\"https:\/\/www.facebook.com\/agrosemens.semencesbio\" \/>\n<meta property=\"article:author\" content=\"https:\/\/www.facebook.com\/agrosemens.semencesbio\" \/>\n<meta property=\"article:published_time\" content=\"2016-10-11T09:29:51+00:00\" \/>\n<meta property=\"article:modified_time\" content=\"2016-10-04T10:50:15+00:00\" \/>\n<meta property=\"og:image\" content=\"https:\/\/www.agrosemens.com\/blog\/wp-content\/uploads\/2015\/09\/mache-semisbio.jpg\" \/>\n\t<meta property=\"og:image:width\" content=\"789\" \/>\n\t<meta property=\"og:image:height\" content=\"400\" \/>\n\t<meta property=\"og:image:type\" content=\"image\/jpeg\" \/>\n<meta name=\"author\" content=\"agrosemens\" \/>\n<meta name=\"twitter:card\" content=\"summary_large_image\" \/>\n<meta name=\"twitter:creator\" content=\"@AGROSEMENS\" \/>\n<meta name=\"twitter:site\" content=\"@AGROSEMENS\" \/>\n<meta name=\"twitter:label1\" content=\"\u00c9crit par\" \/>\n\t<meta name=\"twitter:data1\" content=\"agrosemens\" \/>\n\t<meta name=\"twitter:label2\" content=\"Dur\u00e9e de lecture estim\u00e9e\" \/>\n\t<meta name=\"twitter:data2\" content=\"2 minutes\" \/>\n<script type=\"application\/ld+json\" class=\"yoast-schema-graph\">{\"@context\":\"https:\/\/schema.org\",\"@graph\":[{\"@type\":\"WebSite\",\"@id\":\"https:\/\/www.agrosemens.com\/blog\/#website\",\"url\":\"https:\/\/www.agrosemens.com\/blog\/\",\"name\":\"Agrosemens\",\"description\":\"\",\"potentialAction\":[{\"@type\":\"SearchAction\",\"target\":{\"@type\":\"EntryPoint\",\"urlTemplate\":\"https:\/\/www.agrosemens.com\/blog\/?s={search_term_string}\"},\"query-input\":\"required name=search_term_string\"}],\"inLanguage\":\"fr-FR\"},{\"@type\":\"ImageObject\",\"inLanguage\":\"fr-FR\",\"@id\":\"https:\/\/www.agrosemens.com\/blog\/maches-bio-pratique-culturale\/#primaryimage\",\"url\":\"https:\/\/www.agrosemens.com\/blog\/wp-content\/uploads\/2015\/09\/mache-semisbio.jpg\",\"contentUrl\":\"https:\/\/www.agrosemens.com\/blog\/wp-content\/uploads\/2015\/09\/mache-semisbio.jpg\",\"width\":789,\"height\":400},{\"@type\":\"WebPage\",\"@id\":\"https:\/\/www.agrosemens.com\/blog\/maches-bio-pratique-culturale\/#webpage\",\"url\":\"https:\/\/www.agrosemens.com\/blog\/maches-bio-pratique-culturale\/\",\"name\":\"M\u00e2ches Bio, Pratique Culturale\",\"isPartOf\":{\"@id\":\"https:\/\/www.agrosemens.com\/blog\/#website\"},\"primaryImageOfPage\":{\"@id\":\"https:\/\/www.agrosemens.com\/blog\/maches-bio-pratique-culturale\/#primaryimage\"},\"datePublished\":\"2016-10-11T09:29:51+00:00\",\"dateModified\":\"2016-10-04T10:50:15+00:00\",\"author\":{\"@id\":\"https:\/\/www.agrosemens.com\/blog\/#\/schema\/person\/664e40d654d2410bde3127ef6b7dbcea\"},\"description\":\"M\u00e2ches Bio, tous nos conseils pour cultiver la m\u00e2che bio. Toutes nos graines sont des semences 100% Bio.\",\"breadcrumb\":{\"@id\":\"https:\/\/www.agrosemens.com\/blog\/maches-bio-pratique-culturale\/#breadcrumb\"},\"inLanguage\":\"fr-FR\",\"potentialAction\":[{\"@type\":\"ReadAction\",\"target\":[\"https:\/\/www.agrosemens.com\/blog\/maches-bio-pratique-culturale\/\"]}]},{\"@type\":\"BreadcrumbList\",\"@id\":\"https:\/\/www.agrosemens.com\/blog\/maches-bio-pratique-culturale\/#breadcrumb\",\"itemListElement\":[{\"@type\":\"ListItem\",\"position\":1,\"name\":\"Accueil\",\"item\":\"https:\/\/www.agrosemens.com\/blog\/\"},{\"@type\":\"ListItem\",\"position\":2,\"name\":\"M\u00e2ches Bio, Pratique Culturale\"}]},{\"@type\":\"Person\",\"@id\":\"https:\/\/www.agrosemens.com\/blog\/#\/schema\/person\/664e40d654d2410bde3127ef6b7dbcea\",\"name\":\"agrosemens\",\"image\":{\"@type\":\"ImageObject\",\"inLanguage\":\"fr-FR\",\"@id\":\"https:\/\/www.agrosemens.com\/blog\/#\/schema\/person\/image\/\",\"url\":\"https:\/\/secure.gravatar.com\/avatar\/30fd52c19db62ec94fd384b619f355bf?s=96&d=blank&r=g\",\"contentUrl\":\"https:\/\/secure.gravatar.com\/avatar\/30fd52c19db62ec94fd384b619f355bf?s=96&d=blank&r=g\",\"caption\":\"agrosemens\"},\"sameAs\":[\"https:\/\/www.facebook.com\/agrosemens.semencesbio\",\"https:\/\/twitter.com\/AGROSEMENS\"]}]}<\/script>\n<!-- \/ Yoast SEO plugin. -->","yoast_head_json":{"title":"M\u00e2ches Bio, Pratique Culturale","description":"M\u00e2ches Bio, tous nos conseils pour cultiver la m\u00e2che bio. Toutes nos graines sont des semences 100% Bio.","robots":{"index":"index","follow":"follow","max-snippet":"max-snippet:-1","max-image-preview":"max-image-preview:large","max-video-preview":"max-video-preview:-1"},"canonical":"https:\/\/www.agrosemens.com\/blog\/maches-bio-pratique-culturale\/","og_locale":"fr_FR","og_type":"article","og_title":"M\u00e2ches Bio, Pratique Culturale","og_description":"M\u00e2ches Bio, tous nos conseils pour cultiver la m\u00e2che bio. Toutes nos graines sont des semences 100% Bio.","og_url":"https:\/\/www.agrosemens.com\/blog\/maches-bio-pratique-culturale\/","og_site_name":"Agrosemens","article_publisher":"https:\/\/www.facebook.com\/agrosemens.semencesbio","article_author":"https:\/\/www.facebook.com\/agrosemens.semencesbio","article_published_time":"2016-10-11T09:29:51+00:00","article_modified_time":"2016-10-04T10:50:15+00:00","og_image":[{"width":789,"height":400,"url":"https:\/\/www.agrosemens.com\/blog\/wp-content\/uploads\/2015\/09\/mache-semisbio.jpg","type":"image\/jpeg"}],"author":"agrosemens","twitter_card":"summary_large_image","twitter_creator":"@AGROSEMENS","twitter_site":"@AGROSEMENS","twitter_misc":{"\u00c9crit par":"agrosemens","Dur\u00e9e de lecture estim\u00e9e":"2 minutes"},"schema":{"@context":"https:\/\/schema.org","@graph":[{"@type":"WebSite","@id":"https:\/\/www.agrosemens.com\/blog\/#website","url":"https:\/\/www.agrosemens.com\/blog\/","name":"Agrosemens","description":"","potentialAction":[{"@type":"SearchAction","target":{"@type":"EntryPoint","urlTemplate":"https:\/\/www.agrosemens.com\/blog\/?s={search_term_string}"},"query-input":"required name=search_term_string"}],"inLanguage":"fr-FR"},{"@type":"ImageObject","inLanguage":"fr-FR","@id":"https:\/\/www.agrosemens.com\/blog\/maches-bio-pratique-culturale\/#primaryimage","url":"https:\/\/www.agrosemens.com\/blog\/wp-content\/uploads\/2015\/09\/mache-semisbio.jpg","contentUrl":"https:\/\/www.agrosemens.com\/blog\/wp-content\/uploads\/2015\/09\/mache-semisbio.jpg","width":789,"height":400},{"@type":"WebPage","@id":"https:\/\/www.agrosemens.com\/blog\/maches-bio-pratique-culturale\/#webpage","url":"https:\/\/www.agrosemens.com\/blog\/maches-bio-pratique-culturale\/","name":"M\u00e2ches Bio, Pratique Culturale","isPartOf":{"@id":"https:\/\/www.agrosemens.com\/blog\/#website"},"primaryImageOfPage":{"@id":"https:\/\/www.agrosemens.com\/blog\/maches-bio-pratique-culturale\/#primaryimage"},"datePublished":"2016-10-11T09:29:51+00:00","dateModified":"2016-10-04T10:50:15+00:00","author":{"@id":"https:\/\/www.agrosemens.com\/blog\/#\/schema\/person\/664e40d654d2410bde3127ef6b7dbcea"},"description":"M\u00e2ches Bio, tous nos conseils pour cultiver la m\u00e2che bio. Toutes nos graines sont des semences 100% Bio.","breadcrumb":{"@id":"https:\/\/www.agrosemens.com\/blog\/maches-bio-pratique-culturale\/#breadcrumb"},"inLanguage":"fr-FR","potentialAction":[{"@type":"ReadAction","target":["https:\/\/www.agrosemens.com\/blog\/maches-bio-pratique-culturale\/"]}]},{"@type":"BreadcrumbList","@id":"https:\/\/www.agrosemens.com\/blog\/maches-bio-pratique-culturale\/#breadcrumb","itemListElement":[{"@type":"ListItem","position":1,"name":"Accueil","item":"https:\/\/www.agrosemens.com\/blog\/"},{"@type":"ListItem","position":2,"name":"M\u00e2ches Bio, Pratique Culturale"}]},{"@type":"Person","@id":"https:\/\/www.agrosemens.com\/blog\/#\/schema\/person\/664e40d654d2410bde3127ef6b7dbcea","name":"agrosemens","image":{"@type":"ImageObject","inLanguage":"fr-FR","@id":"https:\/\/www.agrosemens.com\/blog\/#\/schema\/person\/image\/","url":"https:\/\/secure.gravatar.com\/avatar\/30fd52c19db62ec94fd384b619f355bf?s=96&d=blank&r=g","contentUrl":"https:\/\/secure.gravatar.com\/avatar\/30fd52c19db62ec94fd384b619f355bf?s=96&d=blank&r=g","caption":"agrosemens"},"sameAs":["https:\/\/www.facebook.com\/agrosemens.semencesbio","https:\/\/twitter.com\/AGROSEMENS"]}]}},"_links":{"self":[{"href":"https:\/\/www.agrosemens.com\/blog\/wp-json\/wp\/v2\/posts\/2279"}],"collection":[{"href":"https:\/\/www.agrosemens.com\/blog\/wp-json\/wp\/v2\/posts"}],"about":[{"href":"https:\/\/www.agrosemens.com\/blog\/wp-json\/wp\/v2\/types\/post"}],"author":[{"embeddable":true,"href":"https:\/\/www.agrosemens.com\/blog\/wp-json\/wp\/v2\/users\/1"}],"replies":[{"embeddable":true,"href":"https:\/\/www.agrosemens.com\/blog\/wp-json\/wp\/v2\/comments?post=2279"}],"version-history":[{"count":14,"href":"https:\/\/www.agrosemens.com\/blog\/wp-json\/wp\/v2\/posts\/2279\/revisions"}],"predecessor-version":[{"id":3218,"href":"https:\/\/www.agrosemens.com\/blog\/wp-json\/wp\/v2\/posts\/2279\/revisions\/3218"}],"wp:featuredmedia":[{"embeddable":true,"href":"https:\/\/www.agrosemens.com\/blog\/wp-json\/wp\/v2\/media\/2288"}],"wp:attachment":[{"href":"https:\/\/www.agrosemens.com\/blog\/wp-json\/wp\/v2\/media?parent=2279"}],"wp:term":[{"taxonomy":"category","embeddable":true,"href":"https:\/\/www.agrosemens.com\/blog\/wp-json\/wp\/v2\/categories?post=2279"},{"taxonomy":"post_tag","embeddable":true,"href":"https:\/\/www.agrosemens.com\/blog\/wp-json\/wp\/v2\/tags?post=2279"}],"curies":[{"name":"wp","href":"https:\/\/api.w.org\/{rel}","templated":true}]}}