{"id":1847,"date":"2015-08-03T10:44:40","date_gmt":"2015-08-03T08:44:40","guid":{"rendered":"http:\/\/agrosemens.com\/blog\/?p=1847"},"modified":"2015-08-06T09:51:37","modified_gmt":"2015-08-06T07:51:37","slug":"mouvement-terre-de-liens","status":"publish","type":"post","link":"https:\/\/www.agrosemens.com\/blog\/mouvement-terre-de-liens\/","title":{"rendered":"Mouvement Terre de Liens"},"content":{"rendered":"<h1><\/h1>\n<h1>Terre de liens<\/h1>\n<p><img loading=\"lazy\" class=\"aligncenter size-full wp-image-1850\" src=\"https:\/\/www.agrosemens.com\/blog\/wp-content\/uploads\/2015\/07\/champ.jpg\" alt=\"champ\" width=\"775\" height=\"200\" srcset=\"https:\/\/www.agrosemens.com\/blog\/wp-content\/uploads\/2015\/07\/champ.jpg 775w, https:\/\/www.agrosemens.com\/blog\/wp-content\/uploads\/2015\/07\/champ-300x77.jpg 300w\" sizes=\"(max-width: 775px) 100vw, 775px\" \/><br \/>\nFace \u00e0 la diminution alarmante des terres agricoles en France et \u00e0 la d\u00e9gradation g\u00e9n\u00e9rale de l&#8217;environnement, le mouvement <strong>Terre de Liens<\/strong> propose de changer nos relations \u00e0 la terre, \u00e0 l&#8217;agriculture, \u00e0 l&#8217;alimentation et \u00e0 la nature, en faisant \u00e9voluer notre rapport \u00e0 la propri\u00e9t\u00e9 fonci\u00e8re.<\/p>\n<p><strong><a href=\"https:\/\/www.agrosemens.com\/blog\/wp-content\/uploads\/2015\/07\/logoTerre.jpg\"><img loading=\"lazy\" class=\"alignleft size-full wp-image-1852\" src=\"https:\/\/www.agrosemens.com\/blog\/wp-content\/uploads\/2015\/07\/logoTerre.jpg\" alt=\"logoTerre\" width=\"150\" height=\"150\" \/><\/a>Enrayer la disparition des terres agricoles, all\u00e9ger le parcours des agriculteurs qui cherchent \u00e0 s\u2019installer, et d\u00e9velopper l\u2019agriculture biologique et paysanne. <\/strong>Voici les engagements qui mobilisent Terre de Liens \u00e0 travers 21 r\u00e9gions de France.<\/p>\n<p><strong>L\u2019acc\u00e8s au foncier agricole est un probl\u00e8me qui concerne tous les citoyens. Sans terre agricole, pas de paysans ni d\u2019agriculture de proximit\u00e9 respectueuse de l\u2019environnement et cr\u00e9atrice de liens. Pour Terre de Liens, l\u2019effritement de notre richesse agricole, la perte de biodiversit\u00e9 et le d\u00e9clin des campagnes n\u2019ont rien d\u2019une fatalit\u00e9\u00a0: l\u2019avenir peut offrir bien d\u2019autres perspectives aux terres et \u00e0 l\u2019agriculture paysanne. Si l\u2019on s\u2019en donne les moyens&#8230;<\/strong><\/p>\n<p><img loading=\"lazy\" class=\"aligncenter size-full wp-image-1859\" src=\"https:\/\/www.agrosemens.com\/blog\/wp-content\/uploads\/2015\/07\/TerredeLiens2.jpg\" alt=\"TerredeLiens2\" width=\"872\" height=\"352\" srcset=\"https:\/\/www.agrosemens.com\/blog\/wp-content\/uploads\/2015\/07\/TerredeLiens2.jpg 872w, https:\/\/www.agrosemens.com\/blog\/wp-content\/uploads\/2015\/07\/TerredeLiens2-300x121.jpg 300w\" sizes=\"(max-width: 872px) 100vw, 872px\" \/><\/p>\n<p>L&#8217;association sensibilise les citoyens et les \u00e9lus sur la gestion du foncier agricole comme ressource commune \u00e0 pr\u00e9server. Elle accompagne les initiatives d&#8217;acc\u00e9s collectifs et solidaires au foncier.<\/p>\n<p><strong>La \u00a0Fonci\u00e8re<\/strong>, outil financier de l&#8217;Economie Sociale et Solidaire, permet de sortir les terres agricoles de la sp\u00e9culation fonci\u00e8re sur le tr\u00e8s long terme. L&#8217;acquisition de terres est faite gr\u00e2ce \u00e0 l&#8217;\u00e9pargne solidaire par souscription d&#8217;actions pouvant donner droit \u00e0 des avantages fiscaux. La Fonc\u00e8re loue les terres \u00e0 des agriculteurs via un bail rural environnemental.<\/p>\n<p><strong>Le Fonds de dotation<\/strong>, bient\u00f4t Fondation Reconnue d&#8217;utilit\u00e9 Publique, permet \u00e0 Terre de liens de recevoir des dons, des legs, du m\u00e9c\u00e9nat et de travailler avec les collectivit\u00e9s locales pour pr\u00e9server la terre agricole sur le long terme.<\/p>\n<p><img loading=\"lazy\" class=\"aligncenter size-full wp-image-1854\" src=\"https:\/\/www.agrosemens.com\/blog\/wp-content\/uploads\/2015\/07\/citation1.jpg\" alt=\"citation1\" width=\"700\" height=\"160\" srcset=\"https:\/\/www.agrosemens.com\/blog\/wp-content\/uploads\/2015\/07\/citation1.jpg 700w, https:\/\/www.agrosemens.com\/blog\/wp-content\/uploads\/2015\/07\/citation1-300x69.jpg 300w\" sizes=\"(max-width: 700px) 100vw, 700px\" \/><\/p>\n<p><img loading=\"lazy\" class=\"aligncenter size-full wp-image-1855\" src=\"https:\/\/www.agrosemens.com\/blog\/wp-content\/uploads\/2015\/07\/TerredeLiens.jpg\" alt=\"TerredeLiens\" width=\"872\" height=\"339\" srcset=\"https:\/\/www.agrosemens.com\/blog\/wp-content\/uploads\/2015\/07\/TerredeLiens.jpg 872w, https:\/\/www.agrosemens.com\/blog\/wp-content\/uploads\/2015\/07\/TerredeLiens-300x117.jpg 300w\" sizes=\"(max-width: 872px) 100vw, 872px\" \/><\/p>\n<p>En soutenant \u00a0\u00e0 travers sa charte des valeurs de solidarit\u00e9, d&#8217;\u00e9cologie et d&#8217;\u00e9thique et en promouvant une agriculture durable et de proximit\u00e9, Terre de liens et ses partenaires font fructifier les germes de possibles projets agricoles sur leurs territoires en pr\u00e9servant la terre, support de toutes vies et de production alimentaire.<\/p>\n<p style=\"text-align: center;\"><a href=\"http:\/\/terredeliens.org\/\" target=\"_blank\"><img loading=\"lazy\" class=\"aligncenter wp-image-1853 size-full\" src=\"https:\/\/www.agrosemens.com\/blog\/wp-content\/uploads\/2015\/07\/TerredeLien.jpg\" alt=\"TerredeLien\" width=\"700\" height=\"438\" srcset=\"https:\/\/www.agrosemens.com\/blog\/wp-content\/uploads\/2015\/07\/TerredeLien.jpg 700w, https:\/\/www.agrosemens.com\/blog\/wp-content\/uploads\/2015\/07\/TerredeLien-300x188.jpg 300w\" sizes=\"(max-width: 700px) 100vw, 700px\" \/><\/a>Rejoignez le mouvement Terre de Liens, adh\u00e9rez en ligne :\u00a0<a href=\"http:\/\/www.terredeliens.org\/\" target=\"_blank\">http:\/\/www.terredeliens.org\/<\/a><\/p>\n<p><img loading=\"lazy\" class=\"aligncenter size-full wp-image-200\" src=\"https:\/\/www.agrosemens.com\/blog\/wp-content\/uploads\/2015\/03\/agroseparator.jpg\" alt=\"agroseparator\" width=\"189\" height=\"60\" \/><\/p>\n<p>Source : <a href=\"http:\/\/www.terredeliens.org\/\" target=\"_blank\">http:\/\/www.terredeliens.org\/<\/a><\/p>\n","protected":false},"excerpt":{"rendered":"<p>Terre de liens Face \u00e0 la diminution alarmante des terres agricoles en France et \u00e0 la d\u00e9gradation g\u00e9n\u00e9rale de l&#8217;environnement, le mouvement Terre de Liens propose de changer nos relations \u00e0 la terre, \u00e0 l&#8217;agriculture, \u00e0 l&#8217;alimentation et \u00e0 la nature, en faisant \u00e9voluer notre rapport \u00e0 la propri\u00e9t\u00e9 fonci\u00e8re. Enrayer la disparition des terres &#8230; <\/p>\n<p class=\"moree\"><a class=\"btn btn-inverse btn-normal btn-primary \" href=\"https:\/\/www.agrosemens.com\/blog\/mouvement-terre-de-liens\/\">Lire la suite<\/a><\/p>\n","protected":false},"author":1,"featured_media":1863,"comment_status":"open","ping_status":"open","sticky":false,"template":"","format":"standard","meta":[],"categories":[31,30],"tags":[35,43,8],"yoast_head":"<!-- This site is optimized with the Yoast SEO plugin v19.2 - https:\/\/yoast.com\/wordpress\/plugins\/seo\/ -->\n<title>Mouvement Terre de Liens - Agrosemens<\/title>\n<meta name=\"description\" content=\"Pour Terre de Liens, l\u2019effritement de notre richesse agricole, la perte de biodiversit\u00e9 et le d\u00e9clin des campagnes n\u2019ont rien d\u2019une fatalit\u00e9.\" \/>\n<meta name=\"robots\" content=\"index, follow, max-snippet:-1, max-image-preview:large, max-video-preview:-1\" \/>\n<link rel=\"canonical\" href=\"https:\/\/www.agrosemens.com\/blog\/mouvement-terre-de-liens\/\" \/>\n<meta property=\"og:locale\" content=\"fr_FR\" \/>\n<meta property=\"og:type\" content=\"article\" \/>\n<meta property=\"og:title\" content=\"Mouvement Terre de Liens - Agrosemens\" \/>\n<meta property=\"og:description\" content=\"Pour Terre de Liens, l\u2019effritement de notre richesse agricole, la perte de biodiversit\u00e9 et le d\u00e9clin des campagnes n\u2019ont rien d\u2019une fatalit\u00e9.\" \/>\n<meta property=\"og:url\" content=\"https:\/\/www.agrosemens.com\/blog\/mouvement-terre-de-liens\/\" \/>\n<meta property=\"og:site_name\" content=\"Agrosemens\" \/>\n<meta property=\"article:publisher\" content=\"https:\/\/www.facebook.com\/agrosemens.semencesbio\" \/>\n<meta property=\"article:author\" content=\"https:\/\/www.facebook.com\/agrosemens.semencesbio\" \/>\n<meta property=\"article:published_time\" content=\"2015-08-03T08:44:40+00:00\" \/>\n<meta property=\"article:modified_time\" content=\"2015-08-06T07:51:37+00:00\" \/>\n<meta property=\"og:image\" content=\"https:\/\/www.agrosemens.com\/blog\/wp-content\/uploads\/2015\/07\/Terre-de-liensLogo.jpg\" \/>\n\t<meta property=\"og:image:width\" content=\"789\" \/>\n\t<meta property=\"og:image:height\" content=\"398\" \/>\n\t<meta property=\"og:image:type\" content=\"image\/jpeg\" \/>\n<meta name=\"author\" content=\"agrosemens\" \/>\n<meta name=\"twitter:card\" content=\"summary_large_image\" \/>\n<meta name=\"twitter:creator\" content=\"@AGROSEMENS\" \/>\n<meta name=\"twitter:site\" content=\"@AGROSEMENS\" \/>\n<meta name=\"twitter:label1\" content=\"\u00c9crit par\" \/>\n\t<meta name=\"twitter:data1\" content=\"agrosemens\" \/>\n\t<meta name=\"twitter:label2\" content=\"Dur\u00e9e de lecture estim\u00e9e\" \/>\n\t<meta name=\"twitter:data2\" content=\"2 minutes\" \/>\n<script type=\"application\/ld+json\" class=\"yoast-schema-graph\">{\"@context\":\"https:\/\/schema.org\",\"@graph\":[{\"@type\":\"WebSite\",\"@id\":\"https:\/\/www.agrosemens.com\/blog\/#website\",\"url\":\"https:\/\/www.agrosemens.com\/blog\/\",\"name\":\"Agrosemens\",\"description\":\"\",\"potentialAction\":[{\"@type\":\"SearchAction\",\"target\":{\"@type\":\"EntryPoint\",\"urlTemplate\":\"https:\/\/www.agrosemens.com\/blog\/?s={search_term_string}\"},\"query-input\":\"required name=search_term_string\"}],\"inLanguage\":\"fr-FR\"},{\"@type\":\"ImageObject\",\"inLanguage\":\"fr-FR\",\"@id\":\"https:\/\/www.agrosemens.com\/blog\/mouvement-terre-de-liens\/#primaryimage\",\"url\":\"https:\/\/www.agrosemens.com\/blog\/wp-content\/uploads\/2015\/07\/Terre-de-liensLogo.jpg\",\"contentUrl\":\"https:\/\/www.agrosemens.com\/blog\/wp-content\/uploads\/2015\/07\/Terre-de-liensLogo.jpg\",\"width\":789,\"height\":398},{\"@type\":\"WebPage\",\"@id\":\"https:\/\/www.agrosemens.com\/blog\/mouvement-terre-de-liens\/#webpage\",\"url\":\"https:\/\/www.agrosemens.com\/blog\/mouvement-terre-de-liens\/\",\"name\":\"Mouvement Terre de Liens - Agrosemens\",\"isPartOf\":{\"@id\":\"https:\/\/www.agrosemens.com\/blog\/#website\"},\"primaryImageOfPage\":{\"@id\":\"https:\/\/www.agrosemens.com\/blog\/mouvement-terre-de-liens\/#primaryimage\"},\"datePublished\":\"2015-08-03T08:44:40+00:00\",\"dateModified\":\"2015-08-06T07:51:37+00:00\",\"author\":{\"@id\":\"https:\/\/www.agrosemens.com\/blog\/#\/schema\/person\/664e40d654d2410bde3127ef6b7dbcea\"},\"description\":\"Pour Terre de Liens, l\u2019effritement de notre richesse agricole, la perte de biodiversit\u00e9 et le d\u00e9clin des campagnes n\u2019ont rien d\u2019une fatalit\u00e9.\",\"breadcrumb\":{\"@id\":\"https:\/\/www.agrosemens.com\/blog\/mouvement-terre-de-liens\/#breadcrumb\"},\"inLanguage\":\"fr-FR\",\"potentialAction\":[{\"@type\":\"ReadAction\",\"target\":[\"https:\/\/www.agrosemens.com\/blog\/mouvement-terre-de-liens\/\"]}]},{\"@type\":\"BreadcrumbList\",\"@id\":\"https:\/\/www.agrosemens.com\/blog\/mouvement-terre-de-liens\/#breadcrumb\",\"itemListElement\":[{\"@type\":\"ListItem\",\"position\":1,\"name\":\"Accueil\",\"item\":\"https:\/\/www.agrosemens.com\/blog\/\"},{\"@type\":\"ListItem\",\"position\":2,\"name\":\"Mouvement Terre de Liens\"}]},{\"@type\":\"Person\",\"@id\":\"https:\/\/www.agrosemens.com\/blog\/#\/schema\/person\/664e40d654d2410bde3127ef6b7dbcea\",\"name\":\"agrosemens\",\"image\":{\"@type\":\"ImageObject\",\"inLanguage\":\"fr-FR\",\"@id\":\"https:\/\/www.agrosemens.com\/blog\/#\/schema\/person\/image\/\",\"url\":\"https:\/\/secure.gravatar.com\/avatar\/30fd52c19db62ec94fd384b619f355bf?s=96&d=blank&r=g\",\"contentUrl\":\"https:\/\/secure.gravatar.com\/avatar\/30fd52c19db62ec94fd384b619f355bf?s=96&d=blank&r=g\",\"caption\":\"agrosemens\"},\"sameAs\":[\"https:\/\/www.facebook.com\/agrosemens.semencesbio\",\"https:\/\/twitter.com\/AGROSEMENS\"]}]}<\/script>\n<!-- \/ Yoast SEO plugin. -->","yoast_head_json":{"title":"Mouvement Terre de Liens - Agrosemens","description":"Pour Terre de Liens, l\u2019effritement de notre richesse agricole, la perte de biodiversit\u00e9 et le d\u00e9clin des campagnes n\u2019ont rien d\u2019une fatalit\u00e9.","robots":{"index":"index","follow":"follow","max-snippet":"max-snippet:-1","max-image-preview":"max-image-preview:large","max-video-preview":"max-video-preview:-1"},"canonical":"https:\/\/www.agrosemens.com\/blog\/mouvement-terre-de-liens\/","og_locale":"fr_FR","og_type":"article","og_title":"Mouvement Terre de Liens - Agrosemens","og_description":"Pour Terre de Liens, l\u2019effritement de notre richesse agricole, la perte de biodiversit\u00e9 et le d\u00e9clin des campagnes n\u2019ont rien d\u2019une fatalit\u00e9.","og_url":"https:\/\/www.agrosemens.com\/blog\/mouvement-terre-de-liens\/","og_site_name":"Agrosemens","article_publisher":"https:\/\/www.facebook.com\/agrosemens.semencesbio","article_author":"https:\/\/www.facebook.com\/agrosemens.semencesbio","article_published_time":"2015-08-03T08:44:40+00:00","article_modified_time":"2015-08-06T07:51:37+00:00","og_image":[{"width":789,"height":398,"url":"https:\/\/www.agrosemens.com\/blog\/wp-content\/uploads\/2015\/07\/Terre-de-liensLogo.jpg","type":"image\/jpeg"}],"author":"agrosemens","twitter_card":"summary_large_image","twitter_creator":"@AGROSEMENS","twitter_site":"@AGROSEMENS","twitter_misc":{"\u00c9crit par":"agrosemens","Dur\u00e9e de lecture estim\u00e9e":"2 minutes"},"schema":{"@context":"https:\/\/schema.org","@graph":[{"@type":"WebSite","@id":"https:\/\/www.agrosemens.com\/blog\/#website","url":"https:\/\/www.agrosemens.com\/blog\/","name":"Agrosemens","description":"","potentialAction":[{"@type":"SearchAction","target":{"@type":"EntryPoint","urlTemplate":"https:\/\/www.agrosemens.com\/blog\/?s={search_term_string}"},"query-input":"required name=search_term_string"}],"inLanguage":"fr-FR"},{"@type":"ImageObject","inLanguage":"fr-FR","@id":"https:\/\/www.agrosemens.com\/blog\/mouvement-terre-de-liens\/#primaryimage","url":"https:\/\/www.agrosemens.com\/blog\/wp-content\/uploads\/2015\/07\/Terre-de-liensLogo.jpg","contentUrl":"https:\/\/www.agrosemens.com\/blog\/wp-content\/uploads\/2015\/07\/Terre-de-liensLogo.jpg","width":789,"height":398},{"@type":"WebPage","@id":"https:\/\/www.agrosemens.com\/blog\/mouvement-terre-de-liens\/#webpage","url":"https:\/\/www.agrosemens.com\/blog\/mouvement-terre-de-liens\/","name":"Mouvement Terre de Liens - Agrosemens","isPartOf":{"@id":"https:\/\/www.agrosemens.com\/blog\/#website"},"primaryImageOfPage":{"@id":"https:\/\/www.agrosemens.com\/blog\/mouvement-terre-de-liens\/#primaryimage"},"datePublished":"2015-08-03T08:44:40+00:00","dateModified":"2015-08-06T07:51:37+00:00","author":{"@id":"https:\/\/www.agrosemens.com\/blog\/#\/schema\/person\/664e40d654d2410bde3127ef6b7dbcea"},"description":"Pour Terre de Liens, l\u2019effritement de notre richesse agricole, la perte de biodiversit\u00e9 et le d\u00e9clin des campagnes n\u2019ont rien d\u2019une fatalit\u00e9.","breadcrumb":{"@id":"https:\/\/www.agrosemens.com\/blog\/mouvement-terre-de-liens\/#breadcrumb"},"inLanguage":"fr-FR","potentialAction":[{"@type":"ReadAction","target":["https:\/\/www.agrosemens.com\/blog\/mouvement-terre-de-liens\/"]}]},{"@type":"BreadcrumbList","@id":"https:\/\/www.agrosemens.com\/blog\/mouvement-terre-de-liens\/#breadcrumb","itemListElement":[{"@type":"ListItem","position":1,"name":"Accueil","item":"https:\/\/www.agrosemens.com\/blog\/"},{"@type":"ListItem","position":2,"name":"Mouvement Terre de Liens"}]},{"@type":"Person","@id":"https:\/\/www.agrosemens.com\/blog\/#\/schema\/person\/664e40d654d2410bde3127ef6b7dbcea","name":"agrosemens","image":{"@type":"ImageObject","inLanguage":"fr-FR","@id":"https:\/\/www.agrosemens.com\/blog\/#\/schema\/person\/image\/","url":"https:\/\/secure.gravatar.com\/avatar\/30fd52c19db62ec94fd384b619f355bf?s=96&d=blank&r=g","contentUrl":"https:\/\/secure.gravatar.com\/avatar\/30fd52c19db62ec94fd384b619f355bf?s=96&d=blank&r=g","caption":"agrosemens"},"sameAs":["https:\/\/www.facebook.com\/agrosemens.semencesbio","https:\/\/twitter.com\/AGROSEMENS"]}]}},"_links":{"self":[{"href":"https:\/\/www.agrosemens.com\/blog\/wp-json\/wp\/v2\/posts\/1847"}],"collection":[{"href":"https:\/\/www.agrosemens.com\/blog\/wp-json\/wp\/v2\/posts"}],"about":[{"href":"https:\/\/www.agrosemens.com\/blog\/wp-json\/wp\/v2\/types\/post"}],"author":[{"embeddable":true,"href":"https:\/\/www.agrosemens.com\/blog\/wp-json\/wp\/v2\/users\/1"}],"replies":[{"embeddable":true,"href":"https:\/\/www.agrosemens.com\/blog\/wp-json\/wp\/v2\/comments?post=1847"}],"version-history":[{"count":14,"href":"https:\/\/www.agrosemens.com\/blog\/wp-json\/wp\/v2\/posts\/1847\/revisions"}],"predecessor-version":[{"id":2379,"href":"https:\/\/www.agrosemens.com\/blog\/wp-json\/wp\/v2\/posts\/1847\/revisions\/2379"}],"wp:featuredmedia":[{"embeddable":true,"href":"https:\/\/www.agrosemens.com\/blog\/wp-json\/wp\/v2\/media\/1863"}],"wp:attachment":[{"href":"https:\/\/www.agrosemens.com\/blog\/wp-json\/wp\/v2\/media?parent=1847"}],"wp:term":[{"taxonomy":"category","embeddable":true,"href":"https:\/\/www.agrosemens.com\/blog\/wp-json\/wp\/v2\/categories?post=1847"},{"taxonomy":"post_tag","embeddable":true,"href":"https:\/\/www.agrosemens.com\/blog\/wp-json\/wp\/v2\/tags?post=1847"}],"curies":[{"name":"wp","href":"https:\/\/api.w.org\/{rel}","templated":true}]}}